{"id":133740,"date":"2026-01-19T11:18:27","date_gmt":"2026-01-19T14:18:27","guid":{"rendered":"https:\/\/tvtecjundiai.com.br\/news\/?p=133740"},"modified":"2026-01-19T11:18:27","modified_gmt":"2026-01-19T14:18:27","slug":"tradicao-que-emociona-visitantes-se-encantam-com-a-pisa-da-uva-na-41a-festa-da-uva-e-12a-expo-vinhos-de-jundiai","status":"publish","type":"post","link":"https:\/\/tvtecjundiai.com.br\/news\/2026\/01\/19\/tradicao-que-emociona-visitantes-se-encantam-com-a-pisa-da-uva-na-41a-festa-da-uva-e-12a-expo-vinhos-de-jundiai\/","title":{"rendered":"Tradi\u00e7\u00e3o que emociona. Visitantes se encantam com a Pisa da Uva na 41\u00aa Festa da Uva e 12\u00aa Expo Vinhos de Jundia\u00ed"},"content":{"rendered":"\n<p>Um dos momentos mais simb\u00f3licos e aguardados da 41\u00aa Festa da Uva e 12\u00aa Expo Vinhos de Jundia\u00ed \u00e9 a tradicional Pisa da Uva, atividade que resgata as ra\u00edzes culturais e proporciona uma verdadeira imers\u00e3o na hist\u00f3ria e nos costumes herdados da imigra\u00e7\u00e3o italiana.<br><br>Realizada em frente ao Palco Uva Niagara Rosada de Jundiahy, a atividade convida os visitantes a pisarem as uvas em grandes tinas de madeira, reproduzindo o m\u00e9todo artesanal utilizado antigamente na produ\u00e7\u00e3o do vinho. A experi\u00eancia desperta emo\u00e7\u00e3o, curiosidade e aproxima o p\u00fablico das tradi\u00e7\u00f5es mantidas pelas fam\u00edlias produtoras da cidade.<\/p>\n\n\n\n<figure class=\"wp-block-image\"><a class=\"fancybox image\" href=\"https:\/\/jundiai.sp.gov.br\/noticias\/wp-content\/uploads\/sites\/32\/2026\/01\/festa_da_uva_2026_rw-6-1-1280x854.jpg\"><img decoding=\"async\" src=\"https:\/\/jundiai.sp.gov.br\/noticias\/wp-content\/uploads\/sites\/32\/2026\/01\/festa_da_uva_2026_rw-6-1-1280x854.jpg\" alt=\"\" class=\"wp-image-372832\" \/><\/a><figcaption class=\"wp-element-caption\">Pisa da Uva encanta e emociona visitantes<\/figcaption><\/figure>\n\n\n\n<p>A cada apresenta\u00e7\u00e3o, dezenas de pessoas participam da pisa, que forma filas e atrai visitantes de diferentes regi\u00f5es do Brasil. \u00c9 o caso de Wagner Cristiano da Silva, morador da capital paulista, que veio a Jundia\u00ed com a fam\u00edlia especialmente para vivenciar a tradi\u00e7\u00e3o.<br><br>\u201cPela primeira vez na vida vou saber o que \u00e9 a pisa da uva, uma tradi\u00e7\u00e3o dos agricultores. \u00c9 muito emocionante presenciar tudo isso. \u00c9 emo\u00e7\u00e3o demais\u201d, contou.<br><br>A aposentada Concei\u00e7\u00e3o Cunha percorreu uma dist\u00e2ncia ainda maior para realizar um sonho antigo. Vinda do Recife, ela participou pela primeira vez da Festa da Uva e se emocionou ao vivenciar a pisa.<br><br>\u201cEu amo essa festa, era um sonho. Agora estou vivendo essa oportunidade. Me aposentei e resolvi vir, mesmo sendo longe. Vim com minha filha e estou conhecendo essa tradi\u00e7\u00e3o dos agricultores. Para mim, est\u00e1 sendo maravilhoso. Estou muito emocionada\u201d, relatou.<\/p>\n\n\n\n<figure class=\"wp-block-image\"><a class=\"fancybox image\" href=\"https:\/\/jundiai.sp.gov.br\/noticias\/wp-content\/uploads\/sites\/32\/2026\/01\/festa_da_uva_2026_rw-3-1280x853.jpg\"><img decoding=\"async\" src=\"https:\/\/jundiai.sp.gov.br\/noticias\/wp-content\/uploads\/sites\/32\/2026\/01\/festa_da_uva_2026_rw-3-1280x853.jpg\" alt=\"\" class=\"wp-image-372833\" \/><\/a><figcaption class=\"wp-element-caption\">Wagner da Silva<\/figcaption><\/figure>\n\n\n\n<p>At\u00e9 mesmo quem j\u00e1 est\u00e1 acostumado com a tradi\u00e7\u00e3o n\u00e3o esconde a emo\u00e7\u00e3o. A vinhateira Amanda Joaquim, que representa o bairro Travi\u00fa, participa da atividade h\u00e1 oito edi\u00e7\u00f5es, auxiliando os visitantes durante a pisa.<br><br>\u201c\u00c9 sempre emocionante. Mostramos nossas tradi\u00e7\u00f5es e um pouco do nosso dia a dia para as pessoas\u201d, destacou.<\/p>\n\n\n\n<p>Para a secret\u00e1ria de Agroneg\u00f3cio, Abastecimento e Turismo (SMAAT), Marcela Moro, a Pisa da Uva \u00e9 um dos momentos mais importantes da Festa por preservar a identidade cultural do Munic\u00edpio e valorizar o trabalho dos produtores rurais.<br><br>\u201cA Pisa da Uva simboliza a hist\u00f3ria de Jundia\u00ed e a for\u00e7a da nossa agricultura. \u00c9 uma experi\u00eancia que conecta gera\u00e7\u00f5es, emociona os visitantes e refor\u00e7a o papel fundamental das fam\u00edlias produtoras na constru\u00e7\u00e3o da nossa cidade\u201d, afirmou.<\/p>\n\n\n\n<figure class=\"wp-block-image\"><a class=\"fancybox image\" href=\"https:\/\/jundiai.sp.gov.br\/noticias\/wp-content\/uploads\/sites\/32\/2026\/01\/festa_da_uva_2026_rw-2-1280x853.jpg\"><img decoding=\"async\" src=\"https:\/\/jundiai.sp.gov.br\/noticias\/wp-content\/uploads\/sites\/32\/2026\/01\/festa_da_uva_2026_rw-2-1280x853.jpg\" alt=\"\" class=\"wp-image-372835\" \/><\/a><\/figure>\n\n\n\n<p>A Pisa da Uva acontece aos s\u00e1bados e domingos, sempre \u00e0s 14h30, no Palco Uva Niagara Rosada de Jundiahy.<\/p>\n\n\n\n<p><em>Fonte: Prefeitura de Jundia\u00ed <\/em><\/p>\n","protected":false},"excerpt":{"rendered":"<p>A experi\u00eancia desperta emo\u00e7\u00e3o, curiosidade e aproxima o p\u00fablico das tradi\u00e7\u00f5es mantidas pelas fam\u00edlias produtoras da cidade<\/p>\n","protected":false},"author":24,"featured_media":133741,"comment_status":"closed","ping_status":"0","sticky":false,"template":"","format":"standard","meta":{"footnotes":""},"categories":[29,8356],"tags":[],"class_list":["post-133740","post","type-post","status-publish","format-standard","has-post-thumbnail","hentry","category-destaque","category-jundiai"],"_links":{"self":[{"href":"https:\/\/tvtecjundiai.com.br\/news\/wp-json\/wp\/v2\/posts\/133740","targetHints":{"allow":["GET"]}}],"collection":[{"href":"https:\/\/tvtecjundiai.com.br\/news\/wp-json\/wp\/v2\/posts"}],"about":[{"href":"https:\/\/tvtecjundiai.com.br\/news\/wp-json\/wp\/v2\/types\/post"}],"author":[{"embeddable":true,"href":"https:\/\/tvtecjundiai.com.br\/news\/wp-json\/wp\/v2\/users\/24"}],"replies":[{"embeddable":true,"href":"https:\/\/tvtecjundiai.com.br\/news\/wp-json\/wp\/v2\/comments?post=133740"}],"version-history":[{"count":1,"href":"https:\/\/tvtecjundiai.com.br\/news\/wp-json\/wp\/v2\/posts\/133740\/revisions"}],"predecessor-version":[{"id":133742,"href":"https:\/\/tvtecjundiai.com.br\/news\/wp-json\/wp\/v2\/posts\/133740\/revisions\/133742"}],"wp:featuredmedia":[{"embeddable":true,"href":"https:\/\/tvtecjundiai.com.br\/news\/wp-json\/wp\/v2\/media\/133741"}],"wp:attachment":[{"href":"https:\/\/tvtecjundiai.com.br\/news\/wp-json\/wp\/v2\/media?parent=133740"}],"wp:term":[{"taxonomy":"category","embeddable":true,"href":"https:\/\/tvtecjundiai.com.br\/news\/wp-json\/wp\/v2\/categories?post=133740"},{"taxonomy":"post_tag","embeddable":true,"href":"https:\/\/tvtecjundiai.com.br\/news\/wp-json\/wp\/v2\/tags?post=133740"}],"curies":[{"name":"wp","href":"https:\/\/api.w.org\/{rel}","templated":true}]}}