{"id":133743,"date":"2026-01-19T08:14:18","date_gmt":"2026-01-19T11:14:18","guid":{"rendered":"https:\/\/tvtecjundiai.com.br\/news\/?p=133743"},"modified":"2026-01-19T08:14:18","modified_gmt":"2026-01-19T11:14:18","slug":"verao-exige-atencao-redobrada-com-viroses-intoxicacoes-e-arboviroses","status":"publish","type":"post","link":"https:\/\/tvtecjundiai.com.br\/news\/2026\/01\/19\/verao-exige-atencao-redobrada-com-viroses-intoxicacoes-e-arboviroses\/","title":{"rendered":"Ver\u00e3o exige aten\u00e7\u00e3o redobrada com viroses, intoxica\u00e7\u00f5es e arboviroses"},"content":{"rendered":"\n<p>Em meio ao ver\u00e3o, as altas temperaturas refor\u00e7am a necessidade de aten\u00e7\u00e3o redobrada \u00e0 sa\u00fade da popula\u00e7\u00e3o. De acordo com o m\u00e9dico infectologista do Hospital de Caridade S\u00e3o Vicente de Paulo (HSV), Marco Aur\u00e9lio Cunha de Freitas, esse \u00e9 um per\u00edodo marcado pelo crescimento de casos de viroses e doen\u00e7as gastrointestinais, causadas tanto por v\u00edrus quanto por bact\u00e9rias, al\u00e9m do alerta constante para as arboviroses transmitidas pelo mosquito&nbsp;<em>Aedes aegypti<\/em>.<\/p>\n\n\n\n<p>Segundo o especialista, o reaparecimento do mosquito intensifica o risco de arboviroses como dengue, zika e chikungunya. \u201cEmbora n\u00e3o apresentem altas taxas de mortalidade, essas enfermidades costumam provocar muitos sintomas e causar grande impacto na qualidade de vida dos pacientes, gerando elevada morbidade. S\u00e3o doen\u00e7as que exigem aten\u00e7\u00e3o, acompanhamento m\u00e9dico e cuidados cont\u00ednuos\u201d.<\/p>\n\n\n\n<p>As viroses respirat\u00f3rias, como Covid-19 e influenza, tendem a diminuir durante o ver\u00e3o, mas n\u00e3o deixam de ser uma preocupa\u00e7\u00e3o. Por isso, o m\u00e9dico refor\u00e7a a import\u00e2ncia de manter medidas de precau\u00e7\u00e3o, especialmente no atendimento a pacientes com sintomas respirat\u00f3rios suspeitos.<\/p>\n\n\n\n<p>Outro ponto de alerta nesta \u00e9poca do ano s\u00e3o as intoxica\u00e7\u00f5es bacterianas e as gastroenterites, frequentemente associadas \u00e0 m\u00e1 conserva\u00e7\u00e3o dos alimentos. Com o calor, as bact\u00e9rias se multiplicam mais rapidamente, acelerando a deteriora\u00e7\u00e3o dos alimentos e aumentando o risco de contamina\u00e7\u00e3o ap\u00f3s a ingest\u00e3o. Al\u00e9m disso, banhos em rios e no mar tamb\u00e9m podem representar riscos, principalmente quando a \u00e1gua est\u00e1 contaminada.<\/p>\n\n\n\n<p>\u201cTamb\u00e9m chamo a aten\u00e7\u00e3o para a qualidade da \u00e1gua do mar, especialmente em praias consideradas impr\u00f3prias. A \u00e1gua pode conter toxinas, bact\u00e9rias e alta concentra\u00e7\u00e3o de algas, favorecendo intoxica\u00e7\u00f5es. Neste ano, inclusive, foram registradas algumas das piores condi\u00e7\u00f5es de contamina\u00e7\u00e3o j\u00e1 divulgadas\u201d, alerta. O cuidado deve ser redobrado, principalmente com crian\u00e7as.<\/p>\n\n\n\n<p>A hidrata\u00e7\u00e3o \u00e9 outro fator essencial durante o ver\u00e3o, mas a proced\u00eancia da \u00e1gua consumida deve ser sempre considerada. Historicamente, a \u00e1gua contaminada j\u00e1 foi um dos principais vetores de doen\u00e7as gastrointestinais. Por isso, \u00e9 fundamental manter uma hidrata\u00e7\u00e3o adequada, por\u00e9m com \u00e1gua de qualidade e segura para consumo.<\/p>\n\n\n\n<figure class=\"wp-block-image\"><img decoding=\"async\" src=\"https:\/\/mail.google.com\/mail\/u\/0?ui=2&amp;ik=1de69e4b14&amp;attid=0.0.2&amp;permmsgid=msg-f:1854476759810137326&amp;th=19bc6cc9a0b35cee&amp;view=fimg&amp;fur=ip&amp;permmsgid=msg-f:1854476759810137326&amp;sz=s0-l75-ft&amp;attbid=ANGjdJ-VrTZ9hEJPUCwGRaS6rZIq7OYuAdSL_oA0euTyhYp_NXwMPH_z_BStIXT0G2Y0enEza_NV-KwTSucO09gQF3prMuBc-Tp2dPUgnFDRebauiWCYkVEkT1OIwYw&amp;disp=emb&amp;zw\" alt=\"\" \/><figcaption class=\"wp-element-caption\">Dr. Marco Aur\u00e9lio alerta para cuidados com a sa\u00fade no ver\u00e3o. (Foto: Assessoria de Comunica\u00e7\u00e3o &#8211; Hospital de Caridade S\u00e3o Vicente de Paulo)<\/figcaption><\/figure>\n\n\n\n<p><strong>Sintomas e cuidados<\/strong><\/p>\n\n\n\n<p>Entre os principais sintomas das intoxica\u00e7\u00f5es e infec\u00e7\u00f5es gastrointestinais est\u00e3o diarreia, v\u00f4mitos frequentes e febre. Sintomas diferentes ou quadros intensos devem ser investigados, assim como esses sinais quando persistentes, para descartar casos graves e direcionar o tratamento adequado. Na maioria das situa\u00e7\u00f5es, o tratamento \u00e9 sintom\u00e1tico, com foco na hidrata\u00e7\u00e3o, mas em alguns casos pode ser necess\u00e1rio o uso de antibi\u00f3ticos.<\/p>\n\n\n\n<p>Todas as faixas et\u00e1rias est\u00e3o suscet\u00edveis \u00e0s infec\u00e7\u00f5es, por\u00e9m crian\u00e7as, beb\u00eas e idosos costumam apresentar os quadros mais graves, principalmente devido ao risco aumentado de desidrata\u00e7\u00e3o. Nesses casos, a hidrata\u00e7\u00e3o adequada \u00e9 fundamental e pode exigir acompanhamento m\u00e9dico, medica\u00e7\u00e3o para facilitar a ingest\u00e3o de l\u00edquidos por via oral ou, em situa\u00e7\u00f5es mais graves, hidrata\u00e7\u00e3o endovenosa.<\/p>\n\n\n\n<p>Para se proteger durante o ver\u00e3o, Dr. Marco orienta cuidados simples, por\u00e9m essenciais: manter uma hidrata\u00e7\u00e3o intensa com \u00e1gua de proced\u00eancia confi\u00e1vel, consumir alimentos de qualidade, proteger-se do sol com chap\u00e9us, bon\u00e9s, roupas adequadas e protetor solar. Ele tamb\u00e9m refor\u00e7a que a recomenda\u00e7\u00e3o m\u00e9dia de dois litros de \u00e1gua por dia pode ser insuficiente em per\u00edodos de calor intenso, sendo necess\u00e1rio aumentar a ingest\u00e3o conforme a exposi\u00e7\u00e3o ao calor.<\/p>\n\n\n\n<p>Por fim, o combate ao&nbsp;<em>Aedes aegypti<\/em>&nbsp;continua sendo indispens\u00e1vel. Evitar \u00e1gua parada, manter ambientes limpos e utilizar repelentes, quando necess\u00e1rio, s\u00e3o medidas fundamentais para reduzir o risco de transmiss\u00e3o das arboviroses. \u201cO cuidado no ver\u00e3o vai al\u00e9m do conforto: \u00e9 uma quest\u00e3o de preven\u00e7\u00e3o e sa\u00fade\u201d, conclui o especialista.<\/p>\n\n\n\n<figure class=\"wp-block-image\"><img decoding=\"async\" src=\"https:\/\/mail.google.com\/mail\/u\/0?ui=2&amp;ik=1de69e4b14&amp;attid=0.0.3&amp;permmsgid=msg-f:1854476759810137326&amp;th=19bc6cc9a0b35cee&amp;view=fimg&amp;fur=ip&amp;permmsgid=msg-f:1854476759810137326&amp;sz=s0-l75-ft&amp;attbid=ANGjdJ_lHD8J7zE81IBlYzJyK0zRo1wPPrl-TBtPYnlNPl9goCOBiwg8qU0Jzucum9e3ee8XUnGZg5cBAFxksIbTeiidvwlZH5nzJzwI0XZ3JvEyWgNBILk89NN6QP8&amp;disp=emb&amp;zw\" alt=\"\" \/><figcaption class=\"wp-element-caption\">Uso de repelente \u00e9 indicado para preven\u00e7\u00e3o do\u00a0<em>Aedes aegypti<\/em><\/figcaption><\/figure>\n\n\n\n<p><strong>Assessoria de Comunica\u00e7\u00e3o &#8211; Hospital de Caridade S\u00e3o Vicente de Paulo<\/strong><\/p>\n","protected":false},"excerpt":{"rendered":"<p>Segundo o o m\u00e9dico infectologista do Hospital de Caridade S\u00e3o Vicente de Paulo (HSV), Marco Aur\u00e9lio Cunha de Freitas, o reaparecimento do mosquito intensifica o risco de arboviroses como dengue, zika e chikungunya<\/p>\n","protected":false},"author":24,"featured_media":133744,"comment_status":"closed","ping_status":"0","sticky":false,"template":"","format":"standard","meta":{"footnotes":""},"categories":[29,8431,2839,8355],"tags":[],"class_list":["post-133743","post","type-post","status-publish","format-standard","has-post-thumbnail","hentry","category-destaque","category-hospital-sao-vicente","category-saude","category-saude-3"],"_links":{"self":[{"href":"https:\/\/tvtecjundiai.com.br\/news\/wp-json\/wp\/v2\/posts\/133743","targetHints":{"allow":["GET"]}}],"collection":[{"href":"https:\/\/tvtecjundiai.com.br\/news\/wp-json\/wp\/v2\/posts"}],"about":[{"href":"https:\/\/tvtecjundiai.com.br\/news\/wp-json\/wp\/v2\/types\/post"}],"author":[{"embeddable":true,"href":"https:\/\/tvtecjundiai.com.br\/news\/wp-json\/wp\/v2\/users\/24"}],"replies":[{"embeddable":true,"href":"https:\/\/tvtecjundiai.com.br\/news\/wp-json\/wp\/v2\/comments?post=133743"}],"version-history":[{"count":1,"href":"https:\/\/tvtecjundiai.com.br\/news\/wp-json\/wp\/v2\/posts\/133743\/revisions"}],"predecessor-version":[{"id":133745,"href":"https:\/\/tvtecjundiai.com.br\/news\/wp-json\/wp\/v2\/posts\/133743\/revisions\/133745"}],"wp:featuredmedia":[{"embeddable":true,"href":"https:\/\/tvtecjundiai.com.br\/news\/wp-json\/wp\/v2\/media\/133744"}],"wp:attachment":[{"href":"https:\/\/tvtecjundiai.com.br\/news\/wp-json\/wp\/v2\/media?parent=133743"}],"wp:term":[{"taxonomy":"category","embeddable":true,"href":"https:\/\/tvtecjundiai.com.br\/news\/wp-json\/wp\/v2\/categories?post=133743"},{"taxonomy":"post_tag","embeddable":true,"href":"https:\/\/tvtecjundiai.com.br\/news\/wp-json\/wp\/v2\/tags?post=133743"}],"curies":[{"name":"wp","href":"https:\/\/api.w.org\/{rel}","templated":true}]}}