{"id":133746,"date":"2026-01-19T08:26:05","date_gmt":"2026-01-19T11:26:05","guid":{"rendered":"https:\/\/tvtecjundiai.com.br\/news\/?p=133746"},"modified":"2026-01-19T08:27:30","modified_gmt":"2026-01-19T11:27:30","slug":"galo-conta-com-stand-na-festa-da-uva-pelo-segundo-ano-consecutivo","status":"publish","type":"post","link":"https:\/\/tvtecjundiai.com.br\/news\/2026\/01\/19\/galo-conta-com-stand-na-festa-da-uva-pelo-segundo-ano-consecutivo\/","title":{"rendered":"Galo conta com stand na Festa da Uva pelo segundo ano consecutivo"},"content":{"rendered":"\n<p>O Paulista Futebol Clube conta, pelo segundo ano seguido, com um estande de vendas na 39\u00aa Festa da Uva e 10\u00aa Expo Vinhos de Jundia\u00ed de 2024. O evento, realizado pela Prefeitura Municipal tem a expectativa de receber 240 mil pessoas nos quatro fins de semana. Tudo isso para celebrar a Uva Niagara Rosada de Jundiahy, a estrela da Festa e a\u00a0<a href=\"https:\/\/festadauva.jundiai.sp.gov.br\/uva-niagara-rosada-de-jundiahy\/\">primeira uva brasileira com certifica\u00e7\u00e3o geogr\u00e1fica de origem<\/a>.<\/p>\n\n\n\n<figure class=\"wp-block-image\"><img decoding=\"async\" src=\"https:\/\/img1.wsimg.com\/isteam\/ip\/d36d640a-37fe-403c-b8e8-54decf467fe6\/6M9A9857.JPG\/:\/cr=t:0%25,l:0%25,w:100%25,h:100%25\/rs=w:1280\" alt=\"\" \/><\/figure>\n\n\n\n<p>Em 2022, o Galo criou o terceiro uniforme do clube na cor roxa, como homenagem \u00e0 Terra da Uva com detalhes que remetem ao munic\u00edpio. Esse e os demais uniformes de 2024, lan\u00e7ados no in\u00edcio de janeiro e dispon\u00edveis na&nbsp;<a href=\"https:\/\/www.paulistafc.com\/\">Loja Oficial do Galo<\/a>&nbsp;na internet, estar\u00e3o \u00e0 venda em todos os fins de semana da festa. Os tamanhos v\u00e3o do 2 ao 16 infantil, e P a G4 adulto.<\/p>\n\n\n\n<p>Al\u00e9m das roupas, livro, cachecol e canecas, os visitantes tamb\u00e9m poder\u00e3o ver e tirar fotos junto do painel que conta os principais momentos da hist\u00f3ria do clube:&nbsp;<\/p>\n\n\n\n<figure class=\"wp-block-image\"><img decoding=\"async\" src=\"https:\/\/img1.wsimg.com\/isteam\/ip\/d36d640a-37fe-403c-b8e8-54decf467fe6\/6M9A9849.JPG\/:\/rs=w:1280\" alt=\"\" \/><\/figure>\n\n\n\n<p>Fonte: Assessoria de Comunica\u00e7\u00e3o do Paulista Futebol Clube<\/p>\n","protected":false},"excerpt":{"rendered":"<p>Paulista possui camisa em homenagem \u00e0 Terra da Uva, criada em 2022<\/p>\n","protected":false},"author":24,"featured_media":133747,"comment_status":"closed","ping_status":"0","sticky":false,"template":"","format":"standard","meta":{"footnotes":""},"categories":[29,2827,8429,8356,1],"tags":[],"class_list":["post-133746","post","type-post","status-publish","format-standard","has-post-thumbnail","hentry","category-destaque","category-esportes-e-lazer","category-eventos","category-jundiai","category-noticias"],"_links":{"self":[{"href":"https:\/\/tvtecjundiai.com.br\/news\/wp-json\/wp\/v2\/posts\/133746","targetHints":{"allow":["GET"]}}],"collection":[{"href":"https:\/\/tvtecjundiai.com.br\/news\/wp-json\/wp\/v2\/posts"}],"about":[{"href":"https:\/\/tvtecjundiai.com.br\/news\/wp-json\/wp\/v2\/types\/post"}],"author":[{"embeddable":true,"href":"https:\/\/tvtecjundiai.com.br\/news\/wp-json\/wp\/v2\/users\/24"}],"replies":[{"embeddable":true,"href":"https:\/\/tvtecjundiai.com.br\/news\/wp-json\/wp\/v2\/comments?post=133746"}],"version-history":[{"count":1,"href":"https:\/\/tvtecjundiai.com.br\/news\/wp-json\/wp\/v2\/posts\/133746\/revisions"}],"predecessor-version":[{"id":133748,"href":"https:\/\/tvtecjundiai.com.br\/news\/wp-json\/wp\/v2\/posts\/133746\/revisions\/133748"}],"wp:featuredmedia":[{"embeddable":true,"href":"https:\/\/tvtecjundiai.com.br\/news\/wp-json\/wp\/v2\/media\/133747"}],"wp:attachment":[{"href":"https:\/\/tvtecjundiai.com.br\/news\/wp-json\/wp\/v2\/media?parent=133746"}],"wp:term":[{"taxonomy":"category","embeddable":true,"href":"https:\/\/tvtecjundiai.com.br\/news\/wp-json\/wp\/v2\/categories?post=133746"},{"taxonomy":"post_tag","embeddable":true,"href":"https:\/\/tvtecjundiai.com.br\/news\/wp-json\/wp\/v2\/tags?post=133746"}],"curies":[{"name":"wp","href":"https:\/\/api.w.org\/{rel}","templated":true}]}}