{"id":133759,"date":"2026-01-19T11:11:55","date_gmt":"2026-01-19T14:11:55","guid":{"rendered":"https:\/\/tvtecjundiai.com.br\/news\/?p=133759"},"modified":"2026-01-19T11:16:07","modified_gmt":"2026-01-19T14:16:07","slug":"obras-da-piscina-semiolimpica-do-bolao-avancam-e-reforcam-inclusao-pelo-esporte","status":"publish","type":"post","link":"https:\/\/tvtecjundiai.com.br\/news\/2026\/01\/19\/obras-da-piscina-semiolimpica-do-bolao-avancam-e-reforcam-inclusao-pelo-esporte\/","title":{"rendered":"Obras da piscina semiol\u00edmpica do Bol\u00e3o avan\u00e7am e refor\u00e7am inclus\u00e3o pelo esporte"},"content":{"rendered":"\n<p>As obras da piscina semiol\u00edmpica do Complexo Aqu\u00e1tico Devanir Penteado J\u00fanior, localizado no CECE Dr. Nicolino de Lucca (Bol\u00e3o), seguem em ritmo acelerado. A melhoria, executada pela Prefeitura de Jundia\u00ed, por meio das secretarias municipais de Esporte e Lazer (SMEL) e de Infraestrutura e Servi\u00e7os P\u00fablicos (SMISP), com apoio da DAE, tem previs\u00e3o de conclus\u00e3o para o in\u00edcio do segundo semestre deste ano. Os trabalhos foram retomados no ano passado, ap\u00f3s um per\u00edodo de paralisa\u00e7\u00e3o.<\/p>\n\n\n\n<figure class=\"wp-block-image\"><a class=\"fancybox image\" href=\"https:\/\/jundiai.sp.gov.br\/noticias\/wp-content\/uploads\/sites\/32\/2026\/01\/reforma_bolao_piscina-4-1280x720.jpg\"><img decoding=\"async\" src=\"https:\/\/jundiai.sp.gov.br\/noticias\/wp-content\/uploads\/sites\/32\/2026\/01\/reforma_bolao_piscina-4-1280x720.jpg\" alt=\"\" class=\"wp-image-372573\" \/><\/a><figcaption class=\"wp-element-caption\">Piscina semiol\u00edmpica do Bol\u00e3o, cujas obras est\u00e3o em ritmo acelerado, beneficiar\u00e1 alunos do PEAMA e de outros programas da Secretaria Municipal de Esporte e Lazer<\/figcaption><\/figure>\n\n\n\n<p>A nova piscina p\u00fablica ter\u00e1 25 metros de comprimento, 12,5 metros de largura e profundidade variando entre 1,3 e 1,5 metro. O espa\u00e7o ser\u00e1 utilizado por alunos de todas as idades, atendidos pelos programas Escola de Esporte, Esporte Maior, Esporte para Todos e pelo Programa de Esportes e Atividades Motoras Adaptadas (PEAMA).<\/p>\n\n\n\n<p>O projeto contempla recursos de acessibilidade, como elevador, prainha para lava-p\u00e9s, rampa de acesso com corrim\u00e3o e \u00e1rea com profundidade reduzida, facilitando o trabalho dos educadores esportivos e garantindo mais seguran\u00e7a e autonomia aos usu\u00e1rios.<\/p>\n\n\n\n<p>O prefeito Gustavo Martinelli destacou o compromisso da gest\u00e3o com a melhoria da infraestrutura esportiva e a promo\u00e7\u00e3o da inclus\u00e3o social. \u201cA piscina adaptada \u00e9 um espa\u00e7o essencial para que todos possam usufruir desse equipamento p\u00fablico. Vamos ampliar as oportunidades e oferecer aos assistidos pelo PEAMA um local com todas as condi\u00e7\u00f5es necess\u00e1rias para a aprendizagem e a melhoria da qualidade de vida. Trata-se de uma reivindica\u00e7\u00e3o antiga, e nosso objetivo \u00e9 garantir um ambiente mais acess\u00edvel, onde esporte e inclus\u00e3o caminhem juntos\u201d, afirmou.<\/p>\n\n\n\n<figure class=\"wp-block-image\"><a class=\"fancybox image\" href=\"https:\/\/jundiai.sp.gov.br\/noticias\/wp-content\/uploads\/sites\/32\/2026\/01\/reforma_bolao_piscina-6-1280x853.jpg\"><img decoding=\"async\" src=\"https:\/\/jundiai.sp.gov.br\/noticias\/wp-content\/uploads\/sites\/32\/2026\/01\/reforma_bolao_piscina-6-1280x853.jpg\" alt=\"\" class=\"wp-image-372576\" \/><\/a><figcaption class=\"wp-element-caption\">Homens trabalham na obra, que deve ser conclu\u00edda no come\u00e7o do segundo semestre de 2026<\/figcaption><\/figure>\n\n\n\n<p>A secret\u00e1ria municipal de Esporte e Lazer, Rita Orsi, tamb\u00e9m ressaltou a import\u00e2ncia do novo equipamento. \u201cH\u00e1 tempos nossos educadores esportivos aguardavam um espa\u00e7o adequado para desenvolver as atividades com mais seguran\u00e7a e conforto, especialmente para crian\u00e7as e pessoas com defici\u00eancia. A nova piscina semiol\u00edmpica ser\u00e1 um diferencial tanto para os alunos quanto para os professores, ampliando a capacidade de atendimento e qualificando as a\u00e7\u00f5es did\u00e1tico-pedag\u00f3gicas no munic\u00edpio\u201d, destacou.<\/p>\n\n\n\n<p><strong>Fonte: Prefeitura de Jundia\u00ed<\/strong><br><strong>Fotos: Fot\u00f3grafos PMJ<\/strong><\/p>\n","protected":false},"excerpt":{"rendered":"<p>Com previs\u00e3o de conclus\u00e3o para o in\u00edcio do segundo semestre deste ano, a nova piscina p\u00fablica ter\u00e1 25 metros de comprimento, 12,5 metros de largura e profundidade variando entre 1,3 e 1,5 metro<\/p>\n","protected":false},"author":24,"featured_media":133760,"comment_status":"closed","ping_status":"0","sticky":false,"template":"","format":"standard","meta":{"footnotes":""},"categories":[29,2827,8391,8356,1],"tags":[],"class_list":["post-133759","post","type-post","status-publish","format-standard","has-post-thumbnail","hentry","category-destaque","category-esportes-e-lazer","category-infraestrutura","category-jundiai","category-noticias"],"_links":{"self":[{"href":"https:\/\/tvtecjundiai.com.br\/news\/wp-json\/wp\/v2\/posts\/133759","targetHints":{"allow":["GET"]}}],"collection":[{"href":"https:\/\/tvtecjundiai.com.br\/news\/wp-json\/wp\/v2\/posts"}],"about":[{"href":"https:\/\/tvtecjundiai.com.br\/news\/wp-json\/wp\/v2\/types\/post"}],"author":[{"embeddable":true,"href":"https:\/\/tvtecjundiai.com.br\/news\/wp-json\/wp\/v2\/users\/24"}],"replies":[{"embeddable":true,"href":"https:\/\/tvtecjundiai.com.br\/news\/wp-json\/wp\/v2\/comments?post=133759"}],"version-history":[{"count":2,"href":"https:\/\/tvtecjundiai.com.br\/news\/wp-json\/wp\/v2\/posts\/133759\/revisions"}],"predecessor-version":[{"id":133762,"href":"https:\/\/tvtecjundiai.com.br\/news\/wp-json\/wp\/v2\/posts\/133759\/revisions\/133762"}],"wp:featuredmedia":[{"embeddable":true,"href":"https:\/\/tvtecjundiai.com.br\/news\/wp-json\/wp\/v2\/media\/133760"}],"wp:attachment":[{"href":"https:\/\/tvtecjundiai.com.br\/news\/wp-json\/wp\/v2\/media?parent=133759"}],"wp:term":[{"taxonomy":"category","embeddable":true,"href":"https:\/\/tvtecjundiai.com.br\/news\/wp-json\/wp\/v2\/categories?post=133759"},{"taxonomy":"post_tag","embeddable":true,"href":"https:\/\/tvtecjundiai.com.br\/news\/wp-json\/wp\/v2\/tags?post=133759"}],"curies":[{"name":"wp","href":"https:\/\/api.w.org\/{rel}","templated":true}]}}