{"id":133787,"date":"2026-01-21T09:31:08","date_gmt":"2026-01-21T12:31:08","guid":{"rendered":"https:\/\/tvtecjundiai.com.br\/news\/?p=133787"},"modified":"2026-01-21T09:31:08","modified_gmt":"2026-01-21T12:31:08","slug":"paulista-anuncia-gabriel-fonseca-versatil-jogador-de-27-anos","status":"publish","type":"post","link":"https:\/\/tvtecjundiai.com.br\/news\/2026\/01\/21\/paulista-anuncia-gabriel-fonseca-versatil-jogador-de-27-anos\/","title":{"rendered":"Paulista anuncia Gabriel Fonseca, vers\u00e1til jogador de 27 anos"},"content":{"rendered":"\n<p>Nesta ter\u00e7a-feira (20), o Paulista Futebol Clube anunciou a contrata\u00e7\u00e3o de Gabriel Fonseca, atleta de 27 anos que atua como lateral-direito e meia-direita. \u00c9 o 15\u00ba jogador contratado pelo Tricolor Jundiaiense visando o acesso para a A2 neste ano.<\/p>\n\n\n\n<figure class=\"wp-block-image size-large\"><img loading=\"lazy\" decoding=\"async\" width=\"966\" height=\"960\" src=\"https:\/\/tvtecjundiai.com.br\/news\/wp-content\/uploads\/sites\/2\/2026\/01\/image-8-966x960.png\" alt=\"\" class=\"wp-image-133789\" srcset=\"https:\/\/tvtecjundiai.com.br\/news\/wp-content\/uploads\/sites\/2\/2026\/01\/image-8-966x960.png 966w, https:\/\/tvtecjundiai.com.br\/news\/wp-content\/uploads\/sites\/2\/2026\/01\/image-8-300x298.png 300w, https:\/\/tvtecjundiai.com.br\/news\/wp-content\/uploads\/sites\/2\/2026\/01\/image-8-100x100.png 100w, https:\/\/tvtecjundiai.com.br\/news\/wp-content\/uploads\/sites\/2\/2026\/01\/image-8-768x763.png 768w, https:\/\/tvtecjundiai.com.br\/news\/wp-content\/uploads\/sites\/2\/2026\/01\/image-8.png 1170w\" sizes=\"auto, (max-width: 966px) 100vw, 966px\" \/><figcaption class=\"wp-element-caption\">(Foto: Paulista FC)<\/figcaption><\/figure>\n\n\n\n<p>Nas redes sociais do clube, Gabriel disse: <strong>&#8220;Chego feliz e motivado, grato a Deus pela oportunidade de vestir a camisa de um clube t\u00e3o grande e tradicional. Estou totalmente alinhado com os objetivos do Paulista e vou trabalhar forte todos os dias para ajudar o clube a conquistar o acesso e estar onde merece. Vamos juntos, em nome de Jesus\u201d<\/strong>.<\/p>\n\n\n\n<p>Com 27 anos, o atleta \u00e9 natural de Montes Claros (MG) e chega ao clube trazendo experi\u00eancia e versatilidade. Com passagem pelas categorias de base do Fluminense, Gabriel atuou profissionalmente por clubes como Goi\u00e2nia-GO, Salgueiro-PE, Cambori\u00fa-SC, Monte Azul-SP e estava no Bonsucesso-RJ at\u00e9 ent\u00e3o.<\/p>\n\n\n\n<p>J\u00e1 integrado ao elenco, o jogador deve estar \u00e0 disposi\u00e7\u00e3o de Raphael Pereira para a estreia do Galo na S\u00e9rie A3. O tricolor jundiaiense entra em campo contra a Itapirense nesta sexta (23) \u00e0s 20h.<\/p>\n\n\n\n<p><strong>Texto por: Reda\u00e7\u00e3o TVTEC Jundia\u00ed<\/strong><\/p>\n","protected":false},"excerpt":{"rendered":"<p>Com passagens pelas categorias de base do Fluminense, Gabriel pode atuar como lateral-direito ou meia-direita <\/p>\n","protected":false},"author":24,"featured_media":133788,"comment_status":"closed","ping_status":"0","sticky":false,"template":"","format":"standard","meta":{"footnotes":""},"categories":[29,2827,8428,8356,1],"tags":[],"class_list":["post-133787","post","type-post","status-publish","format-standard","has-post-thumbnail","hentry","category-destaque","category-esportes-e-lazer","category-futebol","category-jundiai","category-noticias"],"_links":{"self":[{"href":"https:\/\/tvtecjundiai.com.br\/news\/wp-json\/wp\/v2\/posts\/133787","targetHints":{"allow":["GET"]}}],"collection":[{"href":"https:\/\/tvtecjundiai.com.br\/news\/wp-json\/wp\/v2\/posts"}],"about":[{"href":"https:\/\/tvtecjundiai.com.br\/news\/wp-json\/wp\/v2\/types\/post"}],"author":[{"embeddable":true,"href":"https:\/\/tvtecjundiai.com.br\/news\/wp-json\/wp\/v2\/users\/24"}],"replies":[{"embeddable":true,"href":"https:\/\/tvtecjundiai.com.br\/news\/wp-json\/wp\/v2\/comments?post=133787"}],"version-history":[{"count":1,"href":"https:\/\/tvtecjundiai.com.br\/news\/wp-json\/wp\/v2\/posts\/133787\/revisions"}],"predecessor-version":[{"id":133790,"href":"https:\/\/tvtecjundiai.com.br\/news\/wp-json\/wp\/v2\/posts\/133787\/revisions\/133790"}],"wp:featuredmedia":[{"embeddable":true,"href":"https:\/\/tvtecjundiai.com.br\/news\/wp-json\/wp\/v2\/media\/133788"}],"wp:attachment":[{"href":"https:\/\/tvtecjundiai.com.br\/news\/wp-json\/wp\/v2\/media?parent=133787"}],"wp:term":[{"taxonomy":"category","embeddable":true,"href":"https:\/\/tvtecjundiai.com.br\/news\/wp-json\/wp\/v2\/categories?post=133787"},{"taxonomy":"post_tag","embeddable":true,"href":"https:\/\/tvtecjundiai.com.br\/news\/wp-json\/wp\/v2\/tags?post=133787"}],"curies":[{"name":"wp","href":"https:\/\/api.w.org\/{rel}","templated":true}]}}