{"id":133818,"date":"2026-01-22T13:42:24","date_gmt":"2026-01-22T16:42:24","guid":{"rendered":"https:\/\/tvtecjundiai.com.br\/news\/?p=133818"},"modified":"2026-01-22T14:11:36","modified_gmt":"2026-01-22T17:11:36","slug":"bazar-do-voluntariado-do-hsv-transforma-doacoes-em-cuidado-e-impacto-social","status":"publish","type":"post","link":"https:\/\/tvtecjundiai.com.br\/news\/2026\/01\/22\/bazar-do-voluntariado-do-hsv-transforma-doacoes-em-cuidado-e-impacto-social\/","title":{"rendered":"Bazar do Voluntariado do HSV transforma doa\u00e7\u00f5es em cuidado e impacto social"},"content":{"rendered":"\n<p>O que hoje est\u00e1 sem uso em casa pode se transformar em cuidado para quem precisa. No Hospital de Caridade S\u00e3o Vicente de Paulo (HSV), o Bazar do Voluntariado \u00e9 uma iniciativa que conecta a generosidade da comunidade ao fortalecimento da assist\u00eancia prestada pelo Hospital.<\/p>\n\n\n\n<p>As doa\u00e7\u00f5es s\u00e3o recebidas todas as quartas-feiras, das 14h \u00e0s 16h30, no espa\u00e7o do bazar, localizado na rua Dr. Leonardo Cavalcanti, n\u00ba 350, no Centro de Jundia\u00ed. Podem ser entregues roupas e cal\u00e7ados adultos e infantis, itens de cama, mesa e banho, acess\u00f3rios, brinquedos, artigos de decora\u00e7\u00e3o, tapetes, lou\u00e7as e eletrodom\u00e9sticos, desde que estejam em bom estado de conserva\u00e7\u00e3o.<\/p>\n\n\n\n<p>Ap\u00f3s a triagem, organiza\u00e7\u00e3o e prepara\u00e7\u00e3o realizadas pelas volunt\u00e1rias, os produtos passam a integrar as pr\u00f3ximas edi\u00e7\u00f5es do bazar, sendo disponibilizados \u00e0 popula\u00e7\u00e3o por valores acess\u00edveis. De acordo com a supervisora de Projetos Sociais do HSV, Viviane Rasera, a iniciativa vai al\u00e9m da arrecada\u00e7\u00e3o de recursos. \u201cO bazar cria uma rede de cuidado, em que a doa\u00e7\u00e3o de hoje se transforma em benef\u00edcio direto para outra pessoa amanh\u00e3. \u00c9 um movimento de troca, empatia e responsabilidade coletiva\u201d, destaca.<\/p>\n\n\n\n<p>Com pre\u00e7os que variam entre R$ 3 e R$ 50, o bazar tamb\u00e9m incentiva o consumo consciente e a economia circular, estimulando o reaproveitamento de produtos e reduzindo o desperd\u00edcio. Os pagamentos podem ser feitos em dinheiro, Pix ou cart\u00e3o de d\u00e9bito, facilitando o acesso de todos.<\/p>\n\n\n\n<p>Toda a renda obtida com as vendas \u00e9 integralmente destinada ao Hospital, contribuindo para melhorias na estrutura e nos servi\u00e7os oferecidos \u00e0 popula\u00e7\u00e3o. \u201cCada doa\u00e7\u00e3o e cada compra representam um gesto simples, mas com grande alcance. \u00c9 a solidariedade colocada em pr\u00e1tica\u201d, finaliza Viviane.<\/p>\n\n\n<div class=\"wp-block-image\">\n<figure class=\"aligncenter size-full\"><img loading=\"lazy\" decoding=\"async\" width=\"886\" height=\"622\" src=\"https:\/\/tvtecjundiai.com.br\/news\/wp-content\/uploads\/sites\/2\/2026\/01\/image-13.png\" alt=\"\" class=\"wp-image-133819\" srcset=\"https:\/\/tvtecjundiai.com.br\/news\/wp-content\/uploads\/sites\/2\/2026\/01\/image-13.png 886w, https:\/\/tvtecjundiai.com.br\/news\/wp-content\/uploads\/sites\/2\/2026\/01\/image-13-300x211.png 300w, https:\/\/tvtecjundiai.com.br\/news\/wp-content\/uploads\/sites\/2\/2026\/01\/image-13-768x539.png 768w\" sizes=\"auto, (max-width: 886px) 100vw, 886px\" \/><figcaption class=\"wp-element-caption\">Volunt\u00e1rias organizam as doa\u00e7\u00f5es para as pr\u00f3ximas edi\u00e7\u00f5es do Bazar (Imagem: Hospital S\u00e3o Vicente)<\/figcaption><\/figure>\n<\/div>\n\n\n<p><strong>Fonte:<\/strong> <strong>Assessoria de Comunica\u00e7\u00e3o &#8211; Hospital de Caridade S\u00e3o Vicente de Paulo<\/strong><\/p>\n","protected":false},"excerpt":{"rendered":"<p>As entregas podem ser realizadas \u00e0s quartas-feiras<\/p>\n","protected":false},"author":24,"featured_media":133820,"comment_status":"closed","ping_status":"0","sticky":false,"template":"","format":"standard","meta":{"footnotes":""},"categories":[8392,8431,8356,1],"tags":[],"class_list":["post-133818","post","type-post","status-publish","format-standard","has-post-thumbnail","hentry","category-assistencia-social","category-hospital-sao-vicente","category-jundiai","category-noticias"],"_links":{"self":[{"href":"https:\/\/tvtecjundiai.com.br\/news\/wp-json\/wp\/v2\/posts\/133818","targetHints":{"allow":["GET"]}}],"collection":[{"href":"https:\/\/tvtecjundiai.com.br\/news\/wp-json\/wp\/v2\/posts"}],"about":[{"href":"https:\/\/tvtecjundiai.com.br\/news\/wp-json\/wp\/v2\/types\/post"}],"author":[{"embeddable":true,"href":"https:\/\/tvtecjundiai.com.br\/news\/wp-json\/wp\/v2\/users\/24"}],"replies":[{"embeddable":true,"href":"https:\/\/tvtecjundiai.com.br\/news\/wp-json\/wp\/v2\/comments?post=133818"}],"version-history":[{"count":1,"href":"https:\/\/tvtecjundiai.com.br\/news\/wp-json\/wp\/v2\/posts\/133818\/revisions"}],"predecessor-version":[{"id":133821,"href":"https:\/\/tvtecjundiai.com.br\/news\/wp-json\/wp\/v2\/posts\/133818\/revisions\/133821"}],"wp:featuredmedia":[{"embeddable":true,"href":"https:\/\/tvtecjundiai.com.br\/news\/wp-json\/wp\/v2\/media\/133820"}],"wp:attachment":[{"href":"https:\/\/tvtecjundiai.com.br\/news\/wp-json\/wp\/v2\/media?parent=133818"}],"wp:term":[{"taxonomy":"category","embeddable":true,"href":"https:\/\/tvtecjundiai.com.br\/news\/wp-json\/wp\/v2\/categories?post=133818"},{"taxonomy":"post_tag","embeddable":true,"href":"https:\/\/tvtecjundiai.com.br\/news\/wp-json\/wp\/v2\/tags?post=133818"}],"curies":[{"name":"wp","href":"https:\/\/api.w.org\/{rel}","templated":true}]}}