{"id":133822,"date":"2026-01-22T14:41:05","date_gmt":"2026-01-22T17:41:05","guid":{"rendered":"https:\/\/tvtecjundiai.com.br\/news\/?p=133822"},"modified":"2026-01-22T14:41:05","modified_gmt":"2026-01-22T17:41:05","slug":"estacionamento-e-onibus-gratuitos-sao-opcoes-para-chegar-a-41a-festa-da-uva-com-mais-rapidez-e-comodidade","status":"publish","type":"post","link":"https:\/\/tvtecjundiai.com.br\/news\/2026\/01\/22\/estacionamento-e-onibus-gratuitos-sao-opcoes-para-chegar-a-41a-festa-da-uva-com-mais-rapidez-e-comodidade\/","title":{"rendered":"Estacionamento e \u00f4nibus gratuitos s\u00e3o op\u00e7\u00f5es para chegar \u00e0 41\u00aa Festa da Uva com mais rapidez e comodidade"},"content":{"rendered":"\n<p>Os visitantes da 41\u00aa Festa da Uva de Jundia\u00ed e da 12\u00aa Expo Vinhos contam com estacionamento gratuito e transporte especial para facilitar o acesso ao Parque Comendador Ant\u00f4nio Carbonari, o Parque da Uva. A Prefeitura disponibilizou um bols\u00e3o de estacionamento na avenida Luiz Gonzaga Martins Guimar\u00e3es (altura do n\u00famero 419), ao lado do estande da FA Oliva.<\/p>\n\n\n\n<figure class=\"wp-block-image\"><a class=\"fancybox image\" href=\"https:\/\/jundiai.sp.gov.br\/noticias\/wp-content\/uploads\/sites\/32\/2026\/01\/estacionamento_gratuito_festa_da_uva_v-6-1280x854.jpg\"><img decoding=\"async\" src=\"https:\/\/jundiai.sp.gov.br\/noticias\/wp-content\/uploads\/sites\/32\/2026\/01\/estacionamento_gratuito_festa_da_uva_v-6-1280x854.jpg\" alt=\"\" class=\"wp-image-372955\" \/><\/a><figcaption class=\"wp-element-caption\">Estacionamento gratuito da Festa da Uva fica na Av. Luiz Gonzaga Martins Guimar\u00e3es (altura do n\u00famero 419)<\/figcaption><\/figure>\n\n\n\n<p>Tamb\u00e9m \u00e9 oferecido um servi\u00e7o de transfer gratuito, que sai do bols\u00e3o localizado pr\u00f3ximo \u00e0 empresa Astra, no Viaduto das Valqu\u00edrias, at\u00e9 o Parque da Uva.<\/p>\n\n\n\n<p>Tanto o estacionamento quanto o transfer funcionam gratuitamente apenas aos s\u00e1bados e domingos do evento, nos dias 24, 25 e 31 de janeiro e 1\u00ba, 7 e 8 de fevereiro.<\/p>\n\n\n\n<p><strong>Clique&nbsp;<a href=\"https:\/\/maps.app.goo.gl\/veSZWw4tZiuLCP3J7\" target=\"_blank\" rel=\"noreferrer noopener\">aqui<\/a>&nbsp;para ver o mapa do bols\u00e3o.<\/strong><\/p>\n\n\n\n<p>Al\u00e9m disso, a Secretaria Municipal de Mobilidade e Transporte (SMMT) disponibiliza \u00f4nibus circulares para o p\u00fablico, com opera\u00e7\u00e3o das 8h \u00e0s 23h30 aos s\u00e1bados e das 8h \u00e0s 22h30 aos domingos. Vale refor\u00e7ar que o estacionamento gratuito n\u00e3o funciona nas sextas-feiras da festa (23 e 30 de janeiro e 6 de fevereiro).<\/p>\n\n\n\n<p>No primeiro final de semana da Festa da Uva, realizado nos dias 17 e 18 de janeiro, mais de 300 ve\u00edculos utilizaram o bols\u00e3o de estacionamento, com seus ocupantes fazendo uso do transfer gratuito. \u201cO tr\u00e2nsito no entorno do parque costuma aumentar, e muitos motoristas encontram dificuldades para estacionar. Por isso, estamos oferecendo essas duas op\u00e7\u00f5es para facilitar o acesso\u201d, destacou o diretor do Departamento de Transporte P\u00fablico de Jundia\u00ed, Bruno Palhari.<\/p>\n\n\n\n<p>\u201cCom esses servi\u00e7os, o p\u00fablico pode se deslocar com mais comodidade at\u00e9 o Parque da Uva nos dias de maior movimento da festa\u201d, completou a secret\u00e1ria de Agroneg\u00f3cio, Abastecimento e Turismo, Marcela Moro.<\/p>\n\n\n\n<figure class=\"wp-block-image\"><a class=\"fancybox image\" href=\"https:\/\/jundiai.sp.gov.br\/noticias\/wp-content\/uploads\/sites\/32\/2026\/01\/estacionamento_gratuito_festa_da_uva_v-5-1-1280x854.jpg\"><img decoding=\"async\" src=\"https:\/\/jundiai.sp.gov.br\/noticias\/wp-content\/uploads\/sites\/32\/2026\/01\/estacionamento_gratuito_festa_da_uva_v-5-1-1280x854.jpg\" alt=\"\" class=\"wp-image-372957\" \/><\/a><figcaption class=\"wp-element-caption\">Bols\u00e3o de estacionamento do evento recebeu no primeiro final de semana mais de 300 ve\u00edculos<\/figcaption><\/figure>\n\n\n\n<p><strong>Estacionamento oficial<\/strong><br>O estacionamento oficial da 41\u00aa Festa da Uva e 12\u00aa Expo Vinhos ganhou este ano um car\u00e1ter solid\u00e1rio e inclusivo, com a\u00e7\u00f5es que beneficiam tanto a comunidade quanto institui\u00e7\u00f5es sociais da cidade.<\/p>\n\n\n\n<p>Ao todo, aproximadamente 800 vagas foram disponibilizadas em dois estacionamentos oficiais do evento. O valor arrecadado com as taxas de estacionamento ser\u00e1 revertido para a AMARATI (Associa\u00e7\u00e3o de Educa\u00e7\u00e3o Terap\u00eautica), que h\u00e1 mais de quatro d\u00e9cadas atende pessoas com defici\u00eancia decorrentes de les\u00f5es neurol\u00f3gicas, oferecendo servi\u00e7os de reabilita\u00e7\u00e3o, atendimento humanizado e promo\u00e7\u00e3o da qualidade de vida.<\/p>\n\n\n\n<p>Al\u00e9m do impacto social, os moradores de Jundia\u00ed inscritos no&nbsp;<a href=\"https:\/\/jundiai.sp.gov.br\/cartaodagente\/\" target=\"_blank\" rel=\"noreferrer noopener\">Cart\u00e3o da Gente<\/a>, nova plataforma digital da Prefeitura, ganham desconto especial de 20% no valor do estacionamento. Para usufruir do benef\u00edcio, o mun\u00edcipe deve baixar o aplicativo oficial da Prefeitura, realizar o cadastro no Cart\u00e3o da Gente e apresentar o cart\u00e3o no momento de pagar o estacionamento.<\/p>\n\n\n\n<p>Os dois estacionamentos oficiais funcionam com tarifas diferenciadas para moradores cadastrados:<\/p>\n\n\n\n<p><strong>\u2013 Estacionamento 1<\/strong>&nbsp;\u2013 Acesso pela Avenida Amadeu Ribeiro, n\u00ba 500 (ao lado do Parque da Uva)<br><strong>\u2013 Estacionamento 2<\/strong>&nbsp;\u2013 Acesso pela Avenida Engenheiro Jos\u00e9 Maria da Silva Velho, Jardim Ana Maria (em frente ao Parque da Uva)<br><br>Em ambos, a di\u00e1ria custa R$ 50,00, ou R$ 40,00 para moradores de Jundia\u00ed com o Cart\u00e3o da Gente, que teve seu pr\u00e9-lan\u00e7amento na Festa da Uva. A nova plataforma digital amplia o acesso aos servi\u00e7os municipais de sa\u00fade e diversas outras \u00e1reas. O Cart\u00e3o da Gente refor\u00e7a o compromisso da Prefeitura com a inova\u00e7\u00e3o, a agilidade e o respeito ao cidad\u00e3o.<\/p>\n\n\n\n<p><strong>Clique&nbsp;<a href=\"https:\/\/festadauva.jundiai.sp.gov.br\/\" target=\"_blank\" rel=\"noreferrer noopener\">aqui<\/a>&nbsp;para obter mais informa\u00e7\u00f5es do evento.<\/strong><\/p>\n\n\n\n<p><strong>Fonte: Prefeitura de Jundia\u00ed<\/strong><br><strong>Fotos: Fot\u00f3grafos PMJ<\/strong><\/p>\n","protected":false},"excerpt":{"rendered":"<p>Tanto o estacionamento quanto o transfer funcionam gratuitamente apenas aos s\u00e1bados e domingos do evento, nos dias 24, 25 e 31 de janeiro e 1\u00ba, 7 e 8 de fevereiro<\/p>\n","protected":false},"author":24,"featured_media":133823,"comment_status":"closed","ping_status":"0","sticky":false,"template":"","format":"standard","meta":{"footnotes":""},"categories":[29,8429,8356,5697,1],"tags":[],"class_list":["post-133822","post","type-post","status-publish","format-standard","has-post-thumbnail","hentry","category-destaque","category-eventos","category-jundiai","category-mobilidade-noticias","category-noticias"],"_links":{"self":[{"href":"https:\/\/tvtecjundiai.com.br\/news\/wp-json\/wp\/v2\/posts\/133822","targetHints":{"allow":["GET"]}}],"collection":[{"href":"https:\/\/tvtecjundiai.com.br\/news\/wp-json\/wp\/v2\/posts"}],"about":[{"href":"https:\/\/tvtecjundiai.com.br\/news\/wp-json\/wp\/v2\/types\/post"}],"author":[{"embeddable":true,"href":"https:\/\/tvtecjundiai.com.br\/news\/wp-json\/wp\/v2\/users\/24"}],"replies":[{"embeddable":true,"href":"https:\/\/tvtecjundiai.com.br\/news\/wp-json\/wp\/v2\/comments?post=133822"}],"version-history":[{"count":1,"href":"https:\/\/tvtecjundiai.com.br\/news\/wp-json\/wp\/v2\/posts\/133822\/revisions"}],"predecessor-version":[{"id":133824,"href":"https:\/\/tvtecjundiai.com.br\/news\/wp-json\/wp\/v2\/posts\/133822\/revisions\/133824"}],"wp:featuredmedia":[{"embeddable":true,"href":"https:\/\/tvtecjundiai.com.br\/news\/wp-json\/wp\/v2\/media\/133823"}],"wp:attachment":[{"href":"https:\/\/tvtecjundiai.com.br\/news\/wp-json\/wp\/v2\/media?parent=133822"}],"wp:term":[{"taxonomy":"category","embeddable":true,"href":"https:\/\/tvtecjundiai.com.br\/news\/wp-json\/wp\/v2\/categories?post=133822"},{"taxonomy":"post_tag","embeddable":true,"href":"https:\/\/tvtecjundiai.com.br\/news\/wp-json\/wp\/v2\/tags?post=133822"}],"curies":[{"name":"wp","href":"https:\/\/api.w.org\/{rel}","templated":true}]}}