{"id":133825,"date":"2026-01-23T10:59:25","date_gmt":"2026-01-23T13:59:25","guid":{"rendered":"https:\/\/tvtecjundiai.com.br\/news\/?p=133825"},"modified":"2026-01-23T13:50:47","modified_gmt":"2026-01-23T16:50:47","slug":"preparacao-para-espetaculo-de-drones-da-festa-da-uva-altera-uso-da-pista-do-bolao-2","status":"publish","type":"post","link":"https:\/\/tvtecjundiai.com.br\/news\/2026\/01\/23\/preparacao-para-espetaculo-de-drones-da-festa-da-uva-altera-uso-da-pista-do-bolao-2\/","title":{"rendered":"Prepara\u00e7\u00e3o para espet\u00e1culo de drones da Festa da Uva altera uso da pista do Bol\u00e3o"},"content":{"rendered":"\n<p>A Prefeitura de Jundia\u00ed informa que, nesta sexta-feira (23), a pista de atletismo do CECE Nicolino de Luca (Bol\u00e3o) ficar\u00e3o parcialmente interditados. Os motivos s\u00e3o os testes com os drones que ser\u00e3o usados nos espet\u00e1culos deste fim de semana (24 e 25) durante a 41\u00aa Festa da Uva, no Parque Comendador Ant\u00f4nio Carbonari<\/p>\n\n\n\n<p>O espet\u00e1culo de drone tem in\u00edcio marcado para \u00e0s 21h.<\/p>\n\n\n\n<p><strong>Interdi\u00e7\u00e3o do gramado no meio da pista \u2013 das 10h \u00e0s 18h<br>Interdi\u00e7\u00e3o do gramado e da pista \u2013 das 14h \u00e0s 15h30 e a partir das 18h<\/strong> <\/p>\n\n\n\n<p>A Prefeitura de Jundia\u00ed conta com a compreens\u00e3o dos usu\u00e1rios da pista de atletismo do Bol\u00e3o.<\/p>\n\n\n\n<p><strong>Fonte:<\/strong> <strong>Prefeitura de Jundia\u00ed<\/strong><\/p>\n","protected":false},"excerpt":{"rendered":"<p>Interdi\u00e7\u00e3o do gramado no meio da pista \u2013 das 10h \u00e0s 18h<\/p>\n<p>Interdi\u00e7\u00e3o do gramado e da pista \u2013 das 14h \u00e0s 15h30 e a partir das 18h <\/p>\n","protected":false},"author":24,"featured_media":133826,"comment_status":"closed","ping_status":"0","sticky":false,"template":"","format":"standard","meta":{"footnotes":""},"categories":[2827,8356,1],"tags":[],"class_list":["post-133825","post","type-post","status-publish","format-standard","has-post-thumbnail","hentry","category-esportes-e-lazer","category-jundiai","category-noticias"],"_links":{"self":[{"href":"https:\/\/tvtecjundiai.com.br\/news\/wp-json\/wp\/v2\/posts\/133825","targetHints":{"allow":["GET"]}}],"collection":[{"href":"https:\/\/tvtecjundiai.com.br\/news\/wp-json\/wp\/v2\/posts"}],"about":[{"href":"https:\/\/tvtecjundiai.com.br\/news\/wp-json\/wp\/v2\/types\/post"}],"author":[{"embeddable":true,"href":"https:\/\/tvtecjundiai.com.br\/news\/wp-json\/wp\/v2\/users\/24"}],"replies":[{"embeddable":true,"href":"https:\/\/tvtecjundiai.com.br\/news\/wp-json\/wp\/v2\/comments?post=133825"}],"version-history":[{"count":5,"href":"https:\/\/tvtecjundiai.com.br\/news\/wp-json\/wp\/v2\/posts\/133825\/revisions"}],"predecessor-version":[{"id":133836,"href":"https:\/\/tvtecjundiai.com.br\/news\/wp-json\/wp\/v2\/posts\/133825\/revisions\/133836"}],"wp:featuredmedia":[{"embeddable":true,"href":"https:\/\/tvtecjundiai.com.br\/news\/wp-json\/wp\/v2\/media\/133826"}],"wp:attachment":[{"href":"https:\/\/tvtecjundiai.com.br\/news\/wp-json\/wp\/v2\/media?parent=133825"}],"wp:term":[{"taxonomy":"category","embeddable":true,"href":"https:\/\/tvtecjundiai.com.br\/news\/wp-json\/wp\/v2\/categories?post=133825"},{"taxonomy":"post_tag","embeddable":true,"href":"https:\/\/tvtecjundiai.com.br\/news\/wp-json\/wp\/v2\/tags?post=133825"}],"curies":[{"name":"wp","href":"https:\/\/api.w.org\/{rel}","templated":true}]}}