{"id":133835,"date":"2026-01-22T14:40:41","date_gmt":"2026-01-22T17:40:41","guid":{"rendered":"https:\/\/tvtecjundiai.com.br\/news\/?p=133835"},"modified":"2026-01-22T14:40:41","modified_gmt":"2026-01-22T17:40:41","slug":"o-artilheiro-voltou-paulista-anuncia-christopher-como-17o-reforco-para-a-a3","status":"publish","type":"post","link":"https:\/\/tvtecjundiai.com.br\/news\/2026\/01\/22\/o-artilheiro-voltou-paulista-anuncia-christopher-como-17o-reforco-para-a-a3\/","title":{"rendered":"O artilheiro voltou! Paulista anuncia Christopher como 17\u00ba refor\u00e7o para a A3"},"content":{"rendered":"\n<p>Na manh\u00e3 desta quinta-feira (22), o Paulista anunciou o retorno do atacante Christopher, que atuou no elenco do Galo durante os acessos da Bezinha e S\u00e9rie A4, mas deixou a equipe no in\u00edcio da Copa Paulista, para jogar no Aimor\u00e9-RS.<\/p>\n\n\n\n<p>Formado nas categorias de base do clube, Christopher disputou torneios de base como a Copinha e, no profissional, foi artilheiro da equipe durante o vice-campeonato da A4. S\u00e3o 30 jogos, 12 gols e uma assist\u00eancia com a camisa tricolor.  <\/p>\n\n\n\n<figure class=\"wp-block-image size-full is-resized\"><img loading=\"lazy\" decoding=\"async\" width=\"744\" height=\"960\" src=\"https:\/\/tvtecjundiai.com.br\/news\/wp-content\/uploads\/sites\/2\/2026\/01\/image-17.png\" alt=\"\" class=\"wp-image-133842\" style=\"width:840px;height:auto\" srcset=\"https:\/\/tvtecjundiai.com.br\/news\/wp-content\/uploads\/sites\/2\/2026\/01\/image-17.png 744w, https:\/\/tvtecjundiai.com.br\/news\/wp-content\/uploads\/sites\/2\/2026\/01\/image-17-300x387.png 300w\" sizes=\"auto, (max-width: 744px) 100vw, 744px\" \/><figcaption class=\"wp-element-caption\">Foram 6 gols marcados na campanha do acesso na A4. (Foto: JP Fotos Sports)<\/figcaption><\/figure>\n\n\n\n<p>Natural de Jundia\u00ed, o atleta de 23 anos \u00e9 conhecido como \u201cEl Tanque\u201d, o que levou o marketing do Paulista a anunciar o jogador apenas postando uma foto de um colar com um pingente de tanque de guerra, antes de divulgar a contrata\u00e7\u00e3o oficialmente.<\/p>\n\n\n<div class=\"wp-block-image\">\n<figure class=\"aligncenter size-large is-resized\"><img loading=\"lazy\" decoding=\"async\" width=\"593\" height=\"960\" src=\"https:\/\/tvtecjundiai.com.br\/news\/wp-content\/uploads\/sites\/2\/2026\/01\/image-16-593x960.png\" alt=\"\" class=\"wp-image-133841\" style=\"width:840px;height:auto\" srcset=\"https:\/\/tvtecjundiai.com.br\/news\/wp-content\/uploads\/sites\/2\/2026\/01\/image-16-593x960.png 593w, https:\/\/tvtecjundiai.com.br\/news\/wp-content\/uploads\/sites\/2\/2026\/01\/image-16-300x486.png 300w, https:\/\/tvtecjundiai.com.br\/news\/wp-content\/uploads\/sites\/2\/2026\/01\/image-16-768x1244.png 768w, https:\/\/tvtecjundiai.com.br\/news\/wp-content\/uploads\/sites\/2\/2026\/01\/image-16-948x1536.png 948w, https:\/\/tvtecjundiai.com.br\/news\/wp-content\/uploads\/sites\/2\/2026\/01\/image-16.png 988w\" sizes=\"auto, (max-width: 593px) 100vw, 593px\" \/><figcaption class=\"wp-element-caption\">Post do Paulista instantes antes de oficializar a contrata\u00e7\u00e3o de Christopher. (Imagem: Instagram)<\/figcaption><\/figure>\n<\/div>\n\n\n<p>Ainda n\u00e3o se sabe se o jogador est\u00e1 em condi\u00e7\u00f5es de ser relacionado j\u00e1 para a estreia de amanh\u00e3, em jogo contra a Itapirense \u00e0s 20h no Jayme Cintra.<\/p>\n\n\n\n<p><strong>Texto por: Reda\u00e7\u00e3o TVTEC Jundia\u00ed<\/strong><\/p>\n","protected":false},"excerpt":{"rendered":"<p>Jundiaiense de ber\u00e7o, Christopher passou pelas categorias de base do Galo e foi fundamental nos dois acessos em 2024 e 2025<\/p>\n","protected":false},"author":24,"featured_media":133843,"comment_status":"closed","ping_status":"0","sticky":false,"template":"","format":"standard","meta":{"footnotes":""},"categories":[29,2827,8428,8356,1],"tags":[],"class_list":["post-133835","post","type-post","status-publish","format-standard","has-post-thumbnail","hentry","category-destaque","category-esportes-e-lazer","category-futebol","category-jundiai","category-noticias"],"_links":{"self":[{"href":"https:\/\/tvtecjundiai.com.br\/news\/wp-json\/wp\/v2\/posts\/133835","targetHints":{"allow":["GET"]}}],"collection":[{"href":"https:\/\/tvtecjundiai.com.br\/news\/wp-json\/wp\/v2\/posts"}],"about":[{"href":"https:\/\/tvtecjundiai.com.br\/news\/wp-json\/wp\/v2\/types\/post"}],"author":[{"embeddable":true,"href":"https:\/\/tvtecjundiai.com.br\/news\/wp-json\/wp\/v2\/users\/24"}],"replies":[{"embeddable":true,"href":"https:\/\/tvtecjundiai.com.br\/news\/wp-json\/wp\/v2\/comments?post=133835"}],"version-history":[{"count":1,"href":"https:\/\/tvtecjundiai.com.br\/news\/wp-json\/wp\/v2\/posts\/133835\/revisions"}],"predecessor-version":[{"id":133844,"href":"https:\/\/tvtecjundiai.com.br\/news\/wp-json\/wp\/v2\/posts\/133835\/revisions\/133844"}],"wp:featuredmedia":[{"embeddable":true,"href":"https:\/\/tvtecjundiai.com.br\/news\/wp-json\/wp\/v2\/media\/133843"}],"wp:attachment":[{"href":"https:\/\/tvtecjundiai.com.br\/news\/wp-json\/wp\/v2\/media?parent=133835"}],"wp:term":[{"taxonomy":"category","embeddable":true,"href":"https:\/\/tvtecjundiai.com.br\/news\/wp-json\/wp\/v2\/categories?post=133835"},{"taxonomy":"post_tag","embeddable":true,"href":"https:\/\/tvtecjundiai.com.br\/news\/wp-json\/wp\/v2\/tags?post=133835"}],"curies":[{"name":"wp","href":"https:\/\/api.w.org\/{rel}","templated":true}]}}