{"id":133883,"date":"2026-01-26T08:17:23","date_gmt":"2026-01-26T11:17:23","guid":{"rendered":"https:\/\/tvtecjundiai.com.br\/news\/?p=133883"},"modified":"2026-01-26T08:17:23","modified_gmt":"2026-01-26T11:17:23","slug":"cdl-jundiai-e-sincomercio-jundiai-e-regiao-promovem-palestra-sobre-os-impactos-da-reforma-tributaria-nos-negocios","status":"publish","type":"post","link":"https:\/\/tvtecjundiai.com.br\/news\/2026\/01\/26\/cdl-jundiai-e-sincomercio-jundiai-e-regiao-promovem-palestra-sobre-os-impactos-da-reforma-tributaria-nos-negocios\/","title":{"rendered":"CDL Jundia\u00ed e Sincomercio Jundia\u00ed e Regi\u00e3o promovem palestra sobre os impactos da Reforma Tribut\u00e1ria nos neg\u00f3cios"},"content":{"rendered":"\n<p>A Reforma Tribut\u00e1ria j\u00e1 est\u00e1 em pauta e levanta uma s\u00e9rie de d\u00favidas entre empres\u00e1rios e empreendedores: o que muda, quem ser\u00e1 impactado e como se preparar para as novas regras. Pensando nisso, o Sincomercio Jundia\u00ed realiza, no dia 10 de fevereiro, \u00e0s 19h, a palestra <strong>\u201cReforma Tribut\u00e1ria \u2014 Afinal, o que Realmente Vai Mudar?\u201d<\/strong>.<\/p>\n\n\n\n<p>O encontro ser\u00e1 conduzido por Sarina Manata, assessora da FecomercioSP, que ir\u00e1 abordar, de forma pr\u00e1tica e acess\u00edvel, os principais pontos da reforma e seus impactos diretos sobre os neg\u00f3cios, especialmente no dia a dia das empresas. A proposta \u00e9 levar informa\u00e7\u00e3o confi\u00e1vel, orienta\u00e7\u00f5es claras e dicas aplic\u00e1veis, auxiliando os participantes na tomada de decis\u00f5es estrat\u00e9gicas.<\/p>\n\n\n\n<p>Al\u00e9m do conte\u00fado apresentado durante a palestra, os inscritos receber\u00e3o gratuitamente uma s\u00e9rie de materiais complementares ap\u00f3s o evento, refor\u00e7ando o aprendizado e ampliando o entendimento sobre o tema.<\/p>\n\n\n\n<figure class=\"wp-block-image\"><img decoding=\"async\" src=\"https:\/\/sincomerciojundiai.com.br\/wp-content\/uploads\/2026\/01\/evento_reforma_tributaria_post-1024x1024.jpg\" alt=\"\" class=\"wp-image-19007\" \/><\/figure>\n\n\n\n<p>As vagas s\u00e3o limitadas \u00e0 capacidade do espa\u00e7o, e a inscri\u00e7\u00e3o \u00e9 gratuita, devendo ser realizada pelo Sympla, por meio do link: <a href=\"https:\/\/www.sympla.com.br\/evento\/os-impactos-da-reforma-tributaria-sobre-o-simples-nacional\/3274589\">https:\/\/www.sympla.com.br\/evento\/os-impactos-da-reforma-tributaria-sobre-o-simples-nacional\/3274589<\/a><\/p>\n\n\n\n<p><strong>Fonte: Sincomercio Jundia\u00ed e Regi\u00e3o<\/strong><\/p>\n","protected":false},"excerpt":{"rendered":"<p>Especialista da FecomercioSP esclarece o que muda na pr\u00e1tica e como as empresas devem se preparar para o novo cen\u00e1rio tribut\u00e1rio<\/p>\n","protected":false},"author":24,"featured_media":133884,"comment_status":"closed","ping_status":"0","sticky":false,"template":"","format":"standard","meta":{"footnotes":""},"categories":[8426,29,8429,8356,1],"tags":[],"class_list":["post-133883","post","type-post","status-publish","format-standard","has-post-thumbnail","hentry","category-comercio","category-destaque","category-eventos","category-jundiai","category-noticias"],"_links":{"self":[{"href":"https:\/\/tvtecjundiai.com.br\/news\/wp-json\/wp\/v2\/posts\/133883","targetHints":{"allow":["GET"]}}],"collection":[{"href":"https:\/\/tvtecjundiai.com.br\/news\/wp-json\/wp\/v2\/posts"}],"about":[{"href":"https:\/\/tvtecjundiai.com.br\/news\/wp-json\/wp\/v2\/types\/post"}],"author":[{"embeddable":true,"href":"https:\/\/tvtecjundiai.com.br\/news\/wp-json\/wp\/v2\/users\/24"}],"replies":[{"embeddable":true,"href":"https:\/\/tvtecjundiai.com.br\/news\/wp-json\/wp\/v2\/comments?post=133883"}],"version-history":[{"count":1,"href":"https:\/\/tvtecjundiai.com.br\/news\/wp-json\/wp\/v2\/posts\/133883\/revisions"}],"predecessor-version":[{"id":133885,"href":"https:\/\/tvtecjundiai.com.br\/news\/wp-json\/wp\/v2\/posts\/133883\/revisions\/133885"}],"wp:featuredmedia":[{"embeddable":true,"href":"https:\/\/tvtecjundiai.com.br\/news\/wp-json\/wp\/v2\/media\/133884"}],"wp:attachment":[{"href":"https:\/\/tvtecjundiai.com.br\/news\/wp-json\/wp\/v2\/media?parent=133883"}],"wp:term":[{"taxonomy":"category","embeddable":true,"href":"https:\/\/tvtecjundiai.com.br\/news\/wp-json\/wp\/v2\/categories?post=133883"},{"taxonomy":"post_tag","embeddable":true,"href":"https:\/\/tvtecjundiai.com.br\/news\/wp-json\/wp\/v2\/tags?post=133883"}],"curies":[{"name":"wp","href":"https:\/\/api.w.org\/{rel}","templated":true}]}}