{"id":133890,"date":"2026-01-26T08:45:57","date_gmt":"2026-01-26T11:45:57","guid":{"rendered":"https:\/\/tvtecjundiai.com.br\/news\/?p=133890"},"modified":"2026-01-26T08:45:57","modified_gmt":"2026-01-26T11:45:57","slug":"prefeitura-leva-vacinacao-a-festa-da-uva-para-ampliar-cobertura-vacinal","status":"publish","type":"post","link":"https:\/\/tvtecjundiai.com.br\/news\/2026\/01\/26\/prefeitura-leva-vacinacao-a-festa-da-uva-para-ampliar-cobertura-vacinal\/","title":{"rendered":"Prefeitura leva vacina\u00e7\u00e3o \u00e0 Festa da Uva para ampliar cobertura vacinal"},"content":{"rendered":"\n<p>Quem visitar a 41\u00aa Festa da Uva e 12\u00aa Expo Vinhos de Jundia\u00ed poder\u00e1 aproveitar o evento para colocar a vacina\u00e7\u00e3o em dia. A Prefeitura de Jundia\u00ed mant\u00e9m um posto m\u00f3vel de imuniza\u00e7\u00e3o no Parque Comendador Ant\u00f4nio Carbonari, o Parque da Uva, como parte das a\u00e7\u00f5es para facilitar o acesso da popula\u00e7\u00e3o \u00e0s vacinas e ampliar a cobertura vacinal no munic\u00edpio.<\/p>\n\n\n\n<p>O atendimento ocorre \u00e0s sextas-feiras, das 18h \u00e0s 21h, e aos s\u00e1bados e domingos, das 11h \u00e0s 17h, durante toda a programa\u00e7\u00e3o da festa, que segue at\u00e9 o dia 8 de fevereiro.<\/p>\n\n\n\n<p>No local, est\u00e3o dispon\u00edveis as vacinas:<\/p>\n\n\n\n<ul class=\"wp-block-list\">\n<li>Influenza (gripe) \u2013 at\u00e9 31 de janeiro, para quem n\u00e3o se vacinou na campanha anterior;<\/li>\n\n\n\n<li>HPV \u2013 para crian\u00e7as e adolescentes de 9 a 19 anos;<\/li>\n\n\n\n<li>Dengue \u2013 destinada ao p\u00fablico de 10 a 14 anos;<\/li>\n\n\n\n<li>Tr\u00edplice viral (sarampo, caxumba e rub\u00e9ola);<\/li>\n\n\n\n<li>Febre amarela.<\/li>\n<\/ul>\n\n\n\n<p>Para receber a dose, basta apresentar um documento com foto e, se houver, a caderneta de vacina\u00e7\u00e3o.<\/p>\n\n\n\n<p>Al\u00e9m do posto de vacina\u00e7\u00e3o, a estrutura do evento conta com um ambulat\u00f3rio e equipe de sa\u00fade formada por m\u00e9dico, enfermeira e t\u00e9cnico de enfermagem, garantindo atendimento imediato e suporte aos visitantes durante a festa.<\/p>\n\n\n\n<p><strong>Fonte: Prefeitura de Jundia\u00ed<\/strong><\/p>\n","protected":false},"excerpt":{"rendered":"<p>O atendimento ocorre \u00e0s sextas-feiras, das 18h \u00e0s 21h, e aos s\u00e1bados e domingos, das 11h \u00e0s 17h, durante toda a programa\u00e7\u00e3o da festa, que segue at\u00e9 o dia 8 de fevereiro<\/p>\n","protected":false},"author":24,"featured_media":133891,"comment_status":"closed","ping_status":"0","sticky":false,"template":"","format":"standard","meta":{"footnotes":""},"categories":[29,8429,8356,1,2839,8355,8417],"tags":[],"class_list":["post-133890","post","type-post","status-publish","format-standard","has-post-thumbnail","hentry","category-destaque","category-eventos","category-jundiai","category-noticias","category-saude","category-saude-3","category-vacina"],"_links":{"self":[{"href":"https:\/\/tvtecjundiai.com.br\/news\/wp-json\/wp\/v2\/posts\/133890","targetHints":{"allow":["GET"]}}],"collection":[{"href":"https:\/\/tvtecjundiai.com.br\/news\/wp-json\/wp\/v2\/posts"}],"about":[{"href":"https:\/\/tvtecjundiai.com.br\/news\/wp-json\/wp\/v2\/types\/post"}],"author":[{"embeddable":true,"href":"https:\/\/tvtecjundiai.com.br\/news\/wp-json\/wp\/v2\/users\/24"}],"replies":[{"embeddable":true,"href":"https:\/\/tvtecjundiai.com.br\/news\/wp-json\/wp\/v2\/comments?post=133890"}],"version-history":[{"count":1,"href":"https:\/\/tvtecjundiai.com.br\/news\/wp-json\/wp\/v2\/posts\/133890\/revisions"}],"predecessor-version":[{"id":133892,"href":"https:\/\/tvtecjundiai.com.br\/news\/wp-json\/wp\/v2\/posts\/133890\/revisions\/133892"}],"wp:featuredmedia":[{"embeddable":true,"href":"https:\/\/tvtecjundiai.com.br\/news\/wp-json\/wp\/v2\/media\/133891"}],"wp:attachment":[{"href":"https:\/\/tvtecjundiai.com.br\/news\/wp-json\/wp\/v2\/media?parent=133890"}],"wp:term":[{"taxonomy":"category","embeddable":true,"href":"https:\/\/tvtecjundiai.com.br\/news\/wp-json\/wp\/v2\/categories?post=133890"},{"taxonomy":"post_tag","embeddable":true,"href":"https:\/\/tvtecjundiai.com.br\/news\/wp-json\/wp\/v2\/tags?post=133890"}],"curies":[{"name":"wp","href":"https:\/\/api.w.org\/{rel}","templated":true}]}}