{"id":133902,"date":"2026-01-28T08:29:25","date_gmt":"2026-01-28T11:29:25","guid":{"rendered":"https:\/\/tvtecjundiai.com.br\/news\/?p=133902"},"modified":"2026-01-28T08:29:25","modified_gmt":"2026-01-28T11:29:25","slug":"carnaval-de-rua-2026-confira-os-blocos-que-desfilarao-nas-ruas-da-cidade1","status":"publish","type":"post","link":"https:\/\/tvtecjundiai.com.br\/news\/2026\/01\/28\/carnaval-de-rua-2026-confira-os-blocos-que-desfilarao-nas-ruas-da-cidade1\/","title":{"rendered":"Carnaval de Rua 2026: confira os blocos que desfilar\u00e3o nas ruas de Jundia\u00ed"},"content":{"rendered":"\n<p>O foli\u00e3o jundiaiense j\u00e1 pode come\u00e7ar a preparar sua fantasia. A lista oficial dos 17 blocos de rua autorizados a desfilar no Carnaval 2026 j\u00e1 est\u00e1 definida, bem como a programa\u00e7\u00e3o que promete movimentar diversos pontos da cidade, facilitando o acesso dos interessados em participar dos dias de folia.<\/p>\n\n\n\n<p>Como j\u00e1 \u00e9 uma tradi\u00e7\u00e3o, o Refogado do Sandi,<strong> <\/strong>bloco mais tradicional do Carnaval de Jundia\u00ed, fundado em 1994 por Eraz\u00ea Martinho, reconhecido como Patrim\u00f4nio Imaterial da cidade desde 2016, desfila no dia 13 de fevereiro, na \u00e1rea central abrindo oficialmente o Carnaval de Rua da cidade e arrastando milhares de foli\u00f5es.<\/p>\n\n\n<div class=\"wp-block-image\">\n<figure class=\"aligncenter size-large is-resized\"><img loading=\"lazy\" decoding=\"async\" width=\"1200\" height=\"801\" src=\"https:\/\/tvtecjundiai.com.br\/news\/wp-content\/uploads\/sites\/2\/2026\/01\/carnaval_de_rua_bloco_ponte_torta_servicos_prefeitura-297-1280x854-2-1200x801.jpg\" alt=\"\" class=\"wp-image-133941\" style=\"width:553px;height:auto\" srcset=\"https:\/\/tvtecjundiai.com.br\/news\/wp-content\/uploads\/sites\/2\/2026\/01\/carnaval_de_rua_bloco_ponte_torta_servicos_prefeitura-297-1280x854-2-1200x801.jpg 1200w, https:\/\/tvtecjundiai.com.br\/news\/wp-content\/uploads\/sites\/2\/2026\/01\/carnaval_de_rua_bloco_ponte_torta_servicos_prefeitura-297-1280x854-2-300x200.jpg 300w, https:\/\/tvtecjundiai.com.br\/news\/wp-content\/uploads\/sites\/2\/2026\/01\/carnaval_de_rua_bloco_ponte_torta_servicos_prefeitura-297-1280x854-2-768x512.jpg 768w, https:\/\/tvtecjundiai.com.br\/news\/wp-content\/uploads\/sites\/2\/2026\/01\/carnaval_de_rua_bloco_ponte_torta_servicos_prefeitura-297-1280x854-2.jpg 1280w\" sizes=\"auto, (max-width: 1200px) 100vw, 1200px\" \/><\/figure>\n<\/div>\n\n\n<p><\/p>\n\n\n\n<p>Os desfiles ocorrer\u00e3o entre os dias 7 e 17 de fevereiro de 2026, seguindo o cronograma dos m\u00f3dulos estabelecidos pela Secretaria Municipal de Cultura de Jundia\u00ed. Confira a lista dos blocos autorizados por categoria:<\/p>\n\n\n\n<p><strong>M\u00f3dulo 1 \u2013 Cidade Administrativa (Palco Fixo na Avenida Alexandre Ludke):<\/strong><br>Neste m\u00f3dulo, a festa ocorre com infraestrutura completa fornecida pela Prefeitura, incluindo som, ilumina\u00e7\u00e3o e seguran\u00e7a monitorada. Os blocos confirmados s\u00e3o: Future Baile, Bloco do Micai, Filhos do Natura, Bloco da Vila, Bloco Baob\u00e1 (antigo Bloco Le\u00f5es), Bloco da Trash e Bloco CarnaBola.<\/p>\n\n\n\n<p><strong>M\u00f3dulo 2 \u2013 Livre (Vias P\u00fablicas com Trio El\u00e9trico):<\/strong><br>Destinado aos blocos tradicionais que percorrem as ruas da cidade. Est\u00e3o autorizados: Refogado do Sandi, Bloco Super Poderosas, Baile da Maravilha, Bloco Afro Keker\u00ea, Continuamos na Nossa, Carne com Queijo, Bloco da Ponte Torta e CarnaOeste.<\/p>\n\n\n\n<p><strong>M\u00f3dulo 3 \u2013 Infantil e Inclusivo:<\/strong><br>Com foco em acessibilidade e no p\u00fablico mirim, os blocos autorizados s\u00e3o: APAExonados pelo Carnaval, Bloco do Gordo e Momento Sa\u00fade.<\/p>\n\n\n\n<p>Para os blocos do M\u00f3dulo 2, os desfiles acontecem nos dias 7, 8, 13, 14, 15, 16 e 17 de fevereiro, sempre das 16h \u00e0s 19h. J\u00e1 os blocos da Cidade Administrativa poder\u00e3o se apresentar nos mesmos dias, em turnos das 17h \u00e0s 20h ou das 21h \u00e0 meia-noite.<\/p>\n\n\n\n<p><strong><em>Reda\u00e7\u00e3o TVTEC<\/em><\/strong><\/p>\n","protected":false},"excerpt":{"rendered":"<p>Os desfiles ocorrer\u00e3o entre os dias 7 e 17 de fevereiro de 2026, seguindo o cronograma dos m\u00f3dulos estabelecidos pela Secretaria Municipal de Cultura de Jundia\u00ed<\/p>\n","protected":false},"author":24,"featured_media":133940,"comment_status":"closed","ping_status":"0","sticky":false,"template":"","format":"standard","meta":{"footnotes":""},"categories":[29,3076,8429,8356,8354,1],"tags":[],"class_list":["post-133902","post","type-post","status-publish","format-standard","has-post-thumbnail","hentry","category-destaque","category-entretenimento","category-eventos","category-jundiai","category-lazer","category-noticias"],"_links":{"self":[{"href":"https:\/\/tvtecjundiai.com.br\/news\/wp-json\/wp\/v2\/posts\/133902","targetHints":{"allow":["GET"]}}],"collection":[{"href":"https:\/\/tvtecjundiai.com.br\/news\/wp-json\/wp\/v2\/posts"}],"about":[{"href":"https:\/\/tvtecjundiai.com.br\/news\/wp-json\/wp\/v2\/types\/post"}],"author":[{"embeddable":true,"href":"https:\/\/tvtecjundiai.com.br\/news\/wp-json\/wp\/v2\/users\/24"}],"replies":[{"embeddable":true,"href":"https:\/\/tvtecjundiai.com.br\/news\/wp-json\/wp\/v2\/comments?post=133902"}],"version-history":[{"count":6,"href":"https:\/\/tvtecjundiai.com.br\/news\/wp-json\/wp\/v2\/posts\/133902\/revisions"}],"predecessor-version":[{"id":133948,"href":"https:\/\/tvtecjundiai.com.br\/news\/wp-json\/wp\/v2\/posts\/133902\/revisions\/133948"}],"wp:featuredmedia":[{"embeddable":true,"href":"https:\/\/tvtecjundiai.com.br\/news\/wp-json\/wp\/v2\/media\/133940"}],"wp:attachment":[{"href":"https:\/\/tvtecjundiai.com.br\/news\/wp-json\/wp\/v2\/media?parent=133902"}],"wp:term":[{"taxonomy":"category","embeddable":true,"href":"https:\/\/tvtecjundiai.com.br\/news\/wp-json\/wp\/v2\/categories?post=133902"},{"taxonomy":"post_tag","embeddable":true,"href":"https:\/\/tvtecjundiai.com.br\/news\/wp-json\/wp\/v2\/tags?post=133902"}],"curies":[{"name":"wp","href":"https:\/\/api.w.org\/{rel}","templated":true}]}}