{"id":133914,"date":"2026-01-27T09:35:57","date_gmt":"2026-01-27T12:35:57","guid":{"rendered":"https:\/\/tvtecjundiai.com.br\/news\/?p=133914"},"modified":"2026-01-27T09:35:57","modified_gmt":"2026-01-27T12:35:57","slug":"prefeitura-de-jundiai-intensifica-acoes-da-operacao-contra-enchentes-em-diferentes-regioes-da-cidade","status":"publish","type":"post","link":"https:\/\/tvtecjundiai.com.br\/news\/2026\/01\/27\/prefeitura-de-jundiai-intensifica-acoes-da-operacao-contra-enchentes-em-diferentes-regioes-da-cidade\/","title":{"rendered":"Prefeitura de Jundia\u00ed intensifica a\u00e7\u00f5es da \u2018Opera\u00e7\u00e3o contra Enchentes\u2019 em diferentes regi\u00f5es da cidade"},"content":{"rendered":"\n<p>A Prefeitura de Jundia\u00ed segue com as a\u00e7\u00f5es do programa Opera\u00e7\u00e3o contra Enchentes, com servi\u00e7os realizados de forma simult\u00e2nea em diferentes regi\u00f5es do munic\u00edpio.<\/p>\n\n\n\n<p>Na Regi\u00e3o Nordeste, no bairro Caxambu, o Departamento de Infraestrutura Urbana da Secretaria de Infraestrutura e Servi\u00e7os P\u00fablicos (SMISP) iniciou o desassoreamento de c\u00f3rregos ao longo da avenida Alexandre Milani.<\/p>\n\n\n\n<figure class=\"wp-block-image\"><a class=\"fancybox image\" href=\"https:\/\/jundiai.sp.gov.br\/noticias\/wp-content\/uploads\/sites\/32\/2026\/01\/desassoreamento_caxambu_-_operacao_contra_enchente_rw-42-1280x852.jpg\"><img decoding=\"async\" src=\"https:\/\/jundiai.sp.gov.br\/noticias\/wp-content\/uploads\/sites\/32\/2026\/01\/desassoreamento_caxambu_-_operacao_contra_enchente_rw-42-1280x852.jpg\" alt=\"\" class=\"wp-image-373260\" \/><\/a><figcaption class=\"wp-element-caption\">Bairro Caxambu \u2013 Desassoreamento<\/figcaption><\/figure>\n\n\n\n<p>As interven\u00e7\u00f5es ocorrem em pontos estrat\u00e9gicos, definidos a partir de crit\u00e9rios t\u00e9cnicos, com o objetivo de melhorar o escoamento das \u00e1guas pluviais, reduzir os riscos de alagamentos e garantir mais seguran\u00e7a \u00e0 popula\u00e7\u00e3o.<\/p>\n\n\n\n<p>De acordo com o secret\u00e1rio de Infraestrutura e Servi\u00e7os P\u00fablicos, Jeferson Coimbra, os trabalhos recebem refor\u00e7o neste per\u00edodo em fun\u00e7\u00e3o das chuvas de ver\u00e3o, mas integram um planejamento permanente da Prefeitura.<\/p>\n\n\n\n<p>\u201cNesta \u00e9poca do ano, as a\u00e7\u00f5es s\u00e3o intensificadas devido ao maior volume de chuvas. No entanto, a Opera\u00e7\u00e3o contra Enchentes \u00e9 um programa cont\u00ednuo, executado com base em um cronograma t\u00e9cnico que prioriza \u00e1reas com hist\u00f3rico de alagamentos\u201d, explicou o secret\u00e1rio.<\/p>\n\n\n\n<figure class=\"wp-block-image\"><a class=\"fancybox image\" href=\"https:\/\/jundiai.sp.gov.br\/noticias\/wp-content\/uploads\/sites\/32\/2026\/01\/desassoreamento_caxambu_-_operacao_contra_enchente_rw-1-1280x720.jpg\"><img decoding=\"async\" src=\"https:\/\/jundiai.sp.gov.br\/noticias\/wp-content\/uploads\/sites\/32\/2026\/01\/desassoreamento_caxambu_-_operacao_contra_enchente_rw-1-1280x720.jpg\" alt=\"\" class=\"wp-image-373238\" \/><\/a><figcaption class=\"wp-element-caption\">Programa \u2018Opera\u00e7\u00e3o contra Enchentes\u2019 \u2013 avenida Alexandre Milani, bairro Caxambu<\/figcaption><\/figure>\n\n\n\n<p><strong>Zeladoria urbana<\/strong><br>Al\u00e9m do desassoreamento, a Prefeitura tamb\u00e9m realiza outras a\u00e7\u00f5es preventivas, como a limpeza e a desobstru\u00e7\u00e3o de bocas de lobo. At\u00e9 a pr\u00f3xima sexta-feira (30), as equipes atuar\u00e3o nas regi\u00f5es Leste e Central de Jundia\u00ed.<\/p>\n\n\n\n<p>Na Regi\u00e3o Leste, os servi\u00e7os est\u00e3o sendo executados nos bairros S\u00e3o Camilo, Col\u00f4nia, Ponte S\u00e3o Jo\u00e3o, Ponte Alta, Tamoio, Nambi, Ivoturucaia, Campo Verde e Jardim Pacaembu, al\u00e9m de ruas e avenidas da Regi\u00e3o Central.<\/p>\n\n\n\n<p>\u201cEssas a\u00e7\u00f5es preventivas ocorrem de forma cont\u00ednua em toda a cidade, com foco na redu\u00e7\u00e3o de riscos e na preserva\u00e7\u00e3o da infraestrutura urbana\u201d, concluiu Jeferson Coimbra.<\/p>\n\n\n\n<p><strong>Fonte: Prefeitura de Jundia\u00ed<br>Fotos: Fot\u00f3grafo PMJ<\/strong><\/p>\n\n\n\n<p><\/p>\n","protected":false},"excerpt":{"rendered":"<p>As interven\u00e7\u00f5es ocorrem em pontos estrat\u00e9gicos, definidos a partir de crit\u00e9rios t\u00e9cnicos, com o objetivo de melhorar o escoamento das \u00e1guas pluviais, reduzir os riscos de alagamentos e garantir mais seguran\u00e7a \u00e0 popula\u00e7\u00e3o<\/p>\n","protected":false},"author":24,"featured_media":133915,"comment_status":"closed","ping_status":"0","sticky":false,"template":"","format":"standard","meta":{"footnotes":""},"categories":[29,8391,8356],"tags":[],"class_list":["post-133914","post","type-post","status-publish","format-standard","has-post-thumbnail","hentry","category-destaque","category-infraestrutura","category-jundiai"],"_links":{"self":[{"href":"https:\/\/tvtecjundiai.com.br\/news\/wp-json\/wp\/v2\/posts\/133914","targetHints":{"allow":["GET"]}}],"collection":[{"href":"https:\/\/tvtecjundiai.com.br\/news\/wp-json\/wp\/v2\/posts"}],"about":[{"href":"https:\/\/tvtecjundiai.com.br\/news\/wp-json\/wp\/v2\/types\/post"}],"author":[{"embeddable":true,"href":"https:\/\/tvtecjundiai.com.br\/news\/wp-json\/wp\/v2\/users\/24"}],"replies":[{"embeddable":true,"href":"https:\/\/tvtecjundiai.com.br\/news\/wp-json\/wp\/v2\/comments?post=133914"}],"version-history":[{"count":1,"href":"https:\/\/tvtecjundiai.com.br\/news\/wp-json\/wp\/v2\/posts\/133914\/revisions"}],"predecessor-version":[{"id":133916,"href":"https:\/\/tvtecjundiai.com.br\/news\/wp-json\/wp\/v2\/posts\/133914\/revisions\/133916"}],"wp:featuredmedia":[{"embeddable":true,"href":"https:\/\/tvtecjundiai.com.br\/news\/wp-json\/wp\/v2\/media\/133915"}],"wp:attachment":[{"href":"https:\/\/tvtecjundiai.com.br\/news\/wp-json\/wp\/v2\/media?parent=133914"}],"wp:term":[{"taxonomy":"category","embeddable":true,"href":"https:\/\/tvtecjundiai.com.br\/news\/wp-json\/wp\/v2\/categories?post=133914"},{"taxonomy":"post_tag","embeddable":true,"href":"https:\/\/tvtecjundiai.com.br\/news\/wp-json\/wp\/v2\/tags?post=133914"}],"curies":[{"name":"wp","href":"https:\/\/api.w.org\/{rel}","templated":true}]}}