{"id":13400,"date":"2018-07-06T13:53:34","date_gmt":"2018-07-06T16:53:34","guid":{"rendered":"https:\/\/tvtecjundiai.com.br\/news\/?p=13400"},"modified":"2018-07-06T13:53:34","modified_gmt":"2018-07-06T16:53:34","slug":"zoonoses-alerta-populacao-sobre-epoca-de-procriacao-de-carrapatos","status":"publish","type":"post","link":"https:\/\/tvtecjundiai.com.br\/news\/2018\/07\/06\/zoonoses-alerta-populacao-sobre-epoca-de-procriacao-de-carrapatos\/","title":{"rendered":"Zoonoses alerta popula\u00e7\u00e3o sobre \u00e9poca de procria\u00e7\u00e3o de carrapatos"},"content":{"rendered":"<div id=\"attachment_13401\" style=\"width: 460px\" class=\"wp-caption alignright\"><a href=\"https:\/\/tvtecjundiai.com.br\/news\/wp-content\/uploads\/sites\/2\/2018\/07\/carrapato.jpg\"><img loading=\"lazy\" decoding=\"async\" aria-describedby=\"caption-attachment-13401\" class=\"wp-image-13401\" src=\"https:\/\/tvtecjundiai.com.br\/news\/wp-content\/uploads\/sites\/2\/2018\/07\/carrapato-300x200.jpg\" alt=\"\" width=\"450\" height=\"300\" srcset=\"https:\/\/tvtecjundiai.com.br\/news\/wp-content\/uploads\/sites\/2\/2018\/07\/carrapato-300x200.jpg 300w, https:\/\/tvtecjundiai.com.br\/news\/wp-content\/uploads\/sites\/2\/2018\/07\/carrapato-768x512.jpg 768w, https:\/\/tvtecjundiai.com.br\/news\/wp-content\/uploads\/sites\/2\/2018\/07\/carrapato-1200x800.jpg 1200w, https:\/\/tvtecjundiai.com.br\/news\/wp-content\/uploads\/sites\/2\/2018\/07\/carrapato.jpg 1280w\" sizes=\"auto, (max-width: 450px) 100vw, 450px\" \/><\/a><p id=\"caption-attachment-13401\" class=\"wp-caption-text\">Ozahata lembra que a cidade registra, at\u00e9 o dia 6 de julho, 11 notifica\u00e7\u00f5es suspeitas para febre maculosa, com um \u00f3bito suspeito<\/p><\/div>\n<p>O per\u00edodo de inverno, com o clima seco, \u00e9 o de maior incid\u00eancia de carrapatos.\u00a0 Por isso, o cuidado deve ser redobrado para aqueles que entram em contato com \u00e1reas de mata e at\u00e9 jardins, com a probabilidade de exist\u00eancia do artr\u00f3pode. O cuidado com os animais dom\u00e9sticos tamb\u00e9m precisa ser intensificado, j\u00e1 que podem ser hospedeiros dos carrapatos.<\/p>\n<p>De acordo com o gerente da Unidade de Vigil\u00e2ncia de Zoonoses, Carlos Ozahata, os carrapatos s\u00e3o artr\u00f3podes que se alimentam de sangue dos animais. \u201cQuando contaminados com a bact\u00e9ria\u00a0\u00a0<em>Rickettsia rickettsii,\u00a0<\/em>transmitem a febre maculosa e podem levar \u00e0 morte em caso de n\u00e3o identifica\u00e7\u00e3o precoce. As pessoas devem ficar atentas e evitar as \u00e1reas com probabilidade de exist\u00eancia de carrapatos, evitar deitar em gramados e em caso de necessidade de passar por \u00e1reas de risco, sejam precavidas, usando roupas longas, vedadas com o cal\u00e7ado, em cores claras, para facilitar a identifica\u00e7\u00e3o\u201d, detalha.<\/p>\n<p>Ozahata lembra que a cidade registra, at\u00e9 o dia 6 de julho, 11 notifica\u00e7\u00f5es suspeitas para febre maculosa, com um \u00f3bito suspeito. O per\u00edodo de maior incid\u00eancia da doen\u00e7a \u00e9 entre\u00a0os meses de junho a outubro, quando os carrapatos est\u00e3o mais ativos. Para que haja a contamina\u00e7\u00e3o, \u00e9 necess\u00e1rio estar em contato com o carrapato por um per\u00edodo prolongado de tempo. Em caso de picada, a pessoa deve buscar atendimento m\u00e9dico e informar o profissional sobre a ocorr\u00eancia.<\/p>\n<p>A febre maculosa tem cura<strong>,<\/strong>\u00a0mas seu tratamento deve ser iniciado com antibi\u00f3ticos ap\u00f3s o surgimento dos primeiros sintomas para evitar complica\u00e7\u00f5es graves, como inflama\u00e7\u00e3o do c\u00e9rebro, paralisia, insufici\u00eancia respirat\u00f3ria\u00a0ou insufici\u00eancia renal, que podem colocar em perigo a vida do paciente.<\/p>\n<p><strong>Dicas:<\/strong><\/p>\n<ul>\n<li>Usar repelentes de insetos, renovando a cada 2 horas ou conforme a necessidade;<\/li>\n<li>Limpar os arbustos e manter o jardim sem folhas no gramado;<\/li>\n<li>Verificar todos os dias a presen\u00e7a de carrapatos no corpo ou nos animais dom\u00e9sticos;<\/li>\n<li>Manter os animais dom\u00e9sticos, como c\u00e3es e gatos, desinfectados contra pulgas e carrapatos.<\/li>\n<\/ul>\n<p><em>(Fonte: Prefeitura de Jundia\u00ed)<\/em><\/p>\n","protected":false},"excerpt":{"rendered":"<p>Cuidado com os animais dom\u00e9sticos tamb\u00e9m precisa ser intensificado<\/p>\n","protected":false},"author":10,"featured_media":13401,"comment_status":"closed","ping_status":"closed","sticky":false,"template":"","format":"standard","meta":{"footnotes":""},"categories":[2834,2839],"tags":[3583,3398,5,15],"class_list":["post-13400","post","type-post","status-publish","format-standard","has-post-thumbnail","hentry","category-cidades","category-saude","tag-carrapato","tag-febre-maculosa","tag-jundiai","tag-tvtec"],"_links":{"self":[{"href":"https:\/\/tvtecjundiai.com.br\/news\/wp-json\/wp\/v2\/posts\/13400","targetHints":{"allow":["GET"]}}],"collection":[{"href":"https:\/\/tvtecjundiai.com.br\/news\/wp-json\/wp\/v2\/posts"}],"about":[{"href":"https:\/\/tvtecjundiai.com.br\/news\/wp-json\/wp\/v2\/types\/post"}],"author":[{"embeddable":true,"href":"https:\/\/tvtecjundiai.com.br\/news\/wp-json\/wp\/v2\/users\/10"}],"replies":[{"embeddable":true,"href":"https:\/\/tvtecjundiai.com.br\/news\/wp-json\/wp\/v2\/comments?post=13400"}],"version-history":[{"count":1,"href":"https:\/\/tvtecjundiai.com.br\/news\/wp-json\/wp\/v2\/posts\/13400\/revisions"}],"predecessor-version":[{"id":13402,"href":"https:\/\/tvtecjundiai.com.br\/news\/wp-json\/wp\/v2\/posts\/13400\/revisions\/13402"}],"wp:featuredmedia":[{"embeddable":true,"href":"https:\/\/tvtecjundiai.com.br\/news\/wp-json\/wp\/v2\/media\/13401"}],"wp:attachment":[{"href":"https:\/\/tvtecjundiai.com.br\/news\/wp-json\/wp\/v2\/media?parent=13400"}],"wp:term":[{"taxonomy":"category","embeddable":true,"href":"https:\/\/tvtecjundiai.com.br\/news\/wp-json\/wp\/v2\/categories?post=13400"},{"taxonomy":"post_tag","embeddable":true,"href":"https:\/\/tvtecjundiai.com.br\/news\/wp-json\/wp\/v2\/tags?post=13400"}],"curies":[{"name":"wp","href":"https:\/\/api.w.org\/{rel}","templated":true}]}}