{"id":134924,"date":"2026-03-09T10:06:08","date_gmt":"2026-03-09T13:06:08","guid":{"rendered":"https:\/\/tvtecjundiai.com.br\/news\/?p=134924"},"modified":"2026-03-09T10:06:08","modified_gmt":"2026-03-09T13:06:08","slug":"previsao-do-tempo-jundiai-deve-receber-chuva-durante-toda-semana","status":"publish","type":"post","link":"https:\/\/tvtecjundiai.com.br\/news\/2026\/03\/09\/previsao-do-tempo-jundiai-deve-receber-chuva-durante-toda-semana\/","title":{"rendered":"Previs\u00e3o do tempo: Jundia\u00ed deve receber chuva durante toda semana"},"content":{"rendered":"\n<p>De hoje (9) at\u00e9 sexta-feira (13), os moradores de Jundia\u00ed podem colocar o guarda-chuva como item essencial para levar na hora de sair de casa. <\/p>\n\n\n\n<figure class=\"wp-block-image size-full is-resized\"><img loading=\"lazy\" decoding=\"async\" width=\"600\" height=\"400\" src=\"https:\/\/tvtecjundiai.com.br\/news\/wp-content\/uploads\/sites\/2\/2026\/03\/image-9.png\" alt=\"\" class=\"wp-image-134927\" style=\"width:840px;height:auto\" srcset=\"https:\/\/tvtecjundiai.com.br\/news\/wp-content\/uploads\/sites\/2\/2026\/03\/image-9.png 600w, https:\/\/tvtecjundiai.com.br\/news\/wp-content\/uploads\/sites\/2\/2026\/03\/image-9-300x200.png 300w\" sizes=\"auto, (max-width: 600px) 100vw, 600px\" \/><\/figure>\n\n\n\n<p>Na segunda-feira (9), o dia nublado de manh\u00e3 deve dar espa\u00e7o \u00e0 pancadas r\u00e1pidas de chuva durante todos os per\u00edodos do dia. As temperaturas variam entre 19\u00b0C e 25\u00b0C.<\/p>\n\n\n\n<p>Na ter\u00e7a-feira (10), a chuva deve come\u00e7ar de madrugada e percorrer, entre idas e vindas, toda a extens\u00e3o do dia. Os \u00edndices registram uma leve queda, variando entre 19\u00b0C e 22\u00b0C.<\/p>\n\n\n\n<p>O maior volume de chuva deve cair na quarta-feira (11), dia em que \u00e9 esperado volume de 29.6mm. De manh\u00e3 e de tarde a forte precipita\u00e7\u00e3o deve, inclusive, vir acompanhada de raios e trov\u00f5es. A temperatura cai ainda mais, ficando entre 19\u00b0C e 21\u00b0C <\/p>\n\n\n\n<p>Na quinta-feira (12), a chuva diminui mas n\u00e3o cessa. Todos os per\u00edodos do dia devem ter precipita\u00e7\u00e3o leve, acumulando 16.3mm de volume pluvial ao fim do dia. A temperatura se mant\u00e9m: m\u00ednima de 19\u00b0 e m\u00e1xima de 21\u00b0C<\/p>\n\n\n\n<p>Para encerrar a semana \u00fatil, a sexta-feira (13) n\u00e3o foge do padr\u00e3o apresentado durante os outros quatro dias. Com excess\u00e3o da madrugada, chove durante todo o dia. O aumento da m\u00e1xima, que vai a 25\u00baC ocorre curiosamente no dia em que a menor m\u00ednima \u00e9 registrada: 18\u00b0C.<\/p>\n\n\n\n<p>Portanto, os jundiaienses podem esperar uma semana de pouca varia\u00e7\u00e3o t\u00e9rmica, com um frio moderado e pancadas de chuva durante todos os hor\u00e1rios e dias da semana.<\/p>\n\n\n\n<p><strong>Texto por: Reda\u00e7\u00e3o TVTEC<\/strong><\/p>\n\n\n\n<p><strong>Fonte: Climatempo<\/strong><\/p>\n\n\n\n<p><strong>Imagem: Prefeitura de Jundia\u00ed<\/strong><\/p>\n","protected":false},"excerpt":{"rendered":"<p>Jundiaienses podem esperar uma semana de pouca varia\u00e7\u00e3o t\u00e9rmica, frio moderado e grande quantidade de chuva<\/p>\n","protected":false},"author":24,"featured_media":134925,"comment_status":"closed","ping_status":"0","sticky":false,"template":"","format":"standard","meta":{"footnotes":""},"categories":[3185,29,8356,1,8415],"tags":[],"class_list":["post-134924","post","type-post","status-publish","format-standard","has-post-thumbnail","hentry","category-clima","category-destaque","category-jundiai","category-noticias","category-previsao-do-tempo"],"_links":{"self":[{"href":"https:\/\/tvtecjundiai.com.br\/news\/wp-json\/wp\/v2\/posts\/134924","targetHints":{"allow":["GET"]}}],"collection":[{"href":"https:\/\/tvtecjundiai.com.br\/news\/wp-json\/wp\/v2\/posts"}],"about":[{"href":"https:\/\/tvtecjundiai.com.br\/news\/wp-json\/wp\/v2\/types\/post"}],"author":[{"embeddable":true,"href":"https:\/\/tvtecjundiai.com.br\/news\/wp-json\/wp\/v2\/users\/24"}],"replies":[{"embeddable":true,"href":"https:\/\/tvtecjundiai.com.br\/news\/wp-json\/wp\/v2\/comments?post=134924"}],"version-history":[{"count":1,"href":"https:\/\/tvtecjundiai.com.br\/news\/wp-json\/wp\/v2\/posts\/134924\/revisions"}],"predecessor-version":[{"id":134928,"href":"https:\/\/tvtecjundiai.com.br\/news\/wp-json\/wp\/v2\/posts\/134924\/revisions\/134928"}],"wp:featuredmedia":[{"embeddable":true,"href":"https:\/\/tvtecjundiai.com.br\/news\/wp-json\/wp\/v2\/media\/134925"}],"wp:attachment":[{"href":"https:\/\/tvtecjundiai.com.br\/news\/wp-json\/wp\/v2\/media?parent=134924"}],"wp:term":[{"taxonomy":"category","embeddable":true,"href":"https:\/\/tvtecjundiai.com.br\/news\/wp-json\/wp\/v2\/categories?post=134924"},{"taxonomy":"post_tag","embeddable":true,"href":"https:\/\/tvtecjundiai.com.br\/news\/wp-json\/wp\/v2\/tags?post=134924"}],"curies":[{"name":"wp","href":"https:\/\/api.w.org\/{rel}","templated":true}]}}