{"id":134926,"date":"2026-03-09T10:10:32","date_gmt":"2026-03-09T13:10:32","guid":{"rendered":"https:\/\/tvtecjundiai.com.br\/news\/?p=134926"},"modified":"2026-03-09T12:34:24","modified_gmt":"2026-03-09T15:34:24","slug":"senac-jundiai-marca-presenca-na-8a-edicao-da-fens","status":"publish","type":"post","link":"https:\/\/tvtecjundiai.com.br\/news\/2026\/03\/09\/senac-jundiai-marca-presenca-na-8a-edicao-da-fens\/","title":{"rendered":"Senac Jundia\u00ed marca presen\u00e7a na 8\u00aa edi\u00e7\u00e3o da FENS"},"content":{"rendered":"\n<p>O Senac Jundia\u00ed participa da 8\u00aa edi\u00e7\u00e3o da FENS \u2013 Feira do Empreendedor, Neg\u00f3cios e Servi\u00e7os, realizada pela Prefeitura de Jundia\u00ed, com uma a\u00e7\u00e3o interativa voltada ao incentivo da economia circular entre expositores e visitantes.<\/p>\n\n\n\n<p>A feira acontece nos dias 6, 7, 8, 13, 14 e 15 de mar\u00e7o, no Parque Comendador Ant\u00f4nio Carbonari (Parque da Uva), reunindo centenas de empreendedores de diferentes segmentos, al\u00e9m de diversas op\u00e7\u00f5es de gastronomia, produtos e servi\u00e7os.<\/p>\n\n\n\n<p>Durante o evento, o Senac Jundia\u00ed promove uma din\u00e2mica para estimular a circula\u00e7\u00e3o do p\u00fablico entre os estandes. Ao realizar uma compra em um expositor participante, o visitante ganha acesso a uma m\u00e1quina de brindes. Ao retirar uma bolinha, pode receber descontos ou benef\u00edcios para utilizar em outros estandes da feira, incentivando novas compras dentro do pr\u00f3prio evento e fortalecendo os neg\u00f3cios locais.<\/p>\n\n\n\n<p>A proposta busca estimular conex\u00f5es entre os empreendedores e ampliar a visibilidade dos participantes. Al\u00e9m disso, apresenta ao p\u00fablico o conceito de economia circular, em que o consumo tamb\u00e9m contribui para movimentar e fortalecer outros neg\u00f3cios do mesmo ecossistema.<\/p>\n\n\n\n<p>Outras informa\u00e7\u00f5es sobre a programa\u00e7\u00e3o podem ser obtidas no site da Prefeitura de Jundia\u00ed:<br><a href=\"https:\/\/jundiai.sp.gov.br\/fens\/\">https:\/\/jundiai.sp.gov.br\/fens\/<\/a><\/p>\n\n\n\n<p><\/p>\n\n\n\n<p>Fonte: Senac Jundia\u00ed  \/ Imagem: Prefeitura de Jundia\u00ed<\/p>\n\n\n\n<p><\/p>\n","protected":false},"excerpt":{"rendered":"<p>A\u00e7\u00e3o interativa incentiva a economia circular e movimenta os estandes da feira<\/p>\n","protected":false},"author":24,"featured_media":134929,"comment_status":"closed","ping_status":"0","sticky":false,"template":"","format":"standard","meta":{"footnotes":""},"categories":[29,8356],"tags":[],"class_list":["post-134926","post","type-post","status-publish","format-standard","has-post-thumbnail","hentry","category-destaque","category-jundiai"],"_links":{"self":[{"href":"https:\/\/tvtecjundiai.com.br\/news\/wp-json\/wp\/v2\/posts\/134926","targetHints":{"allow":["GET"]}}],"collection":[{"href":"https:\/\/tvtecjundiai.com.br\/news\/wp-json\/wp\/v2\/posts"}],"about":[{"href":"https:\/\/tvtecjundiai.com.br\/news\/wp-json\/wp\/v2\/types\/post"}],"author":[{"embeddable":true,"href":"https:\/\/tvtecjundiai.com.br\/news\/wp-json\/wp\/v2\/users\/24"}],"replies":[{"embeddable":true,"href":"https:\/\/tvtecjundiai.com.br\/news\/wp-json\/wp\/v2\/comments?post=134926"}],"version-history":[{"count":2,"href":"https:\/\/tvtecjundiai.com.br\/news\/wp-json\/wp\/v2\/posts\/134926\/revisions"}],"predecessor-version":[{"id":134931,"href":"https:\/\/tvtecjundiai.com.br\/news\/wp-json\/wp\/v2\/posts\/134926\/revisions\/134931"}],"wp:featuredmedia":[{"embeddable":true,"href":"https:\/\/tvtecjundiai.com.br\/news\/wp-json\/wp\/v2\/media\/134929"}],"wp:attachment":[{"href":"https:\/\/tvtecjundiai.com.br\/news\/wp-json\/wp\/v2\/media?parent=134926"}],"wp:term":[{"taxonomy":"category","embeddable":true,"href":"https:\/\/tvtecjundiai.com.br\/news\/wp-json\/wp\/v2\/categories?post=134926"},{"taxonomy":"post_tag","embeddable":true,"href":"https:\/\/tvtecjundiai.com.br\/news\/wp-json\/wp\/v2\/tags?post=134926"}],"curies":[{"name":"wp","href":"https:\/\/api.w.org\/{rel}","templated":true}]}}