{"id":134933,"date":"2026-03-09T11:38:19","date_gmt":"2026-03-09T14:38:19","guid":{"rendered":"https:\/\/tvtecjundiai.com.br\/news\/?p=134933"},"modified":"2026-03-09T12:34:10","modified_gmt":"2026-03-09T15:34:10","slug":"procon-jundiai-promove-atendimento-itinerante-e-palestras-no-mes-do-consumidor","status":"publish","type":"post","link":"https:\/\/tvtecjundiai.com.br\/news\/2026\/03\/09\/procon-jundiai-promove-atendimento-itinerante-e-palestras-no-mes-do-consumidor\/","title":{"rendered":"Procon Jundia\u00ed promove atendimento itinerante e palestras no m\u00eas do consumidor"},"content":{"rendered":"\n<p>O Procon Jundia\u00ed programou uma s\u00e9rie de atividades gratuitas de orienta\u00e7\u00f5es durante o m\u00eas do consumidor. A programa\u00e7\u00e3o tem como objetivo aproximar o \u00f3rg\u00e3o da popula\u00e7\u00e3o e refor\u00e7ar a import\u00e2ncia de conhecer e garantir os direitos nas rela\u00e7\u00f5es de consumo.<\/p>\n\n\n\n<p>Durante este m\u00eas de mar\u00e7o, equipes do Procon estar\u00e3o em feiras livres, no cal\u00e7ad\u00e3o da Pra\u00e7a Governador Pedro de Toledo, no Centro, e tamb\u00e9m nos CRAS das cinco regi\u00f5es da cidade.<\/p>\n\n\n\n<figure class=\"wp-block-image\"><a class=\"fancybox image\" href=\"https:\/\/jundiai.sp.gov.br\/noticias\/wp-content\/uploads\/sites\/32\/2026\/03\/procon-limpa-nome-fachada-1280x854.jpg\"><img decoding=\"async\" src=\"https:\/\/jundiai.sp.gov.br\/noticias\/wp-content\/uploads\/sites\/32\/2026\/03\/procon-limpa-nome-fachada-1280x854.jpg\" alt=\"\" class=\"wp-image-375420\" \/><\/a><figcaption class=\"wp-element-caption\">Procon Jundia\u00ed realiza palestras e orienta a popula\u00e7\u00e3o durante o m\u00eas do consumidor<\/figcaption><\/figure>\n\n\n\n<p><\/p>\n\n\n\n<p><strong>Procon M\u00f3vel:<\/strong><br>A unidade de atendimento itinerante, o Procon M\u00f3vel, estar\u00e1 nas feiras livres para facilitar o acesso da popula\u00e7\u00e3o aos servi\u00e7os. Confira a programa\u00e7\u00e3o:<\/p>\n\n\n\n<p>Dia (10) das 8h \u00e0s 12h \u2013 Feira do Jundiain\u00f3polis (Rua Legion\u00e1rios da P\u00e1tria);<br>Dia (11) das 8h \u00e0s 12h \u2013 Feira da Ponte S\u00e3o Jo\u00e3o (Avenida Jos\u00e9 Di Fiore);<br>Dia (12) das 8h \u00e0s 12h \u2013 Feira da Vila Progresso (Rua Bento Pires);<br>Dia (13) das 8h \u00e0s 12h \u2013 Feira da Vila Rio Branco (Avenida Itatiba e Rua Jorge de Lima);<br>Dia (14) das 8h \u00e0s 13h \u2013 Cal\u00e7ad\u00e3o da Pra\u00e7a Governador Pedro de Toledo (Centro).<\/p>\n\n\n\n<p><strong>Palestras sobre Golpes Digitais e Organiza\u00e7\u00e3o Financeira:<\/strong><br>Al\u00e9m dos atendimentos, o Procon tamb\u00e9m promover\u00e1 palestras gratuitas nos CRAS, como o objetivo de orientar a popula\u00e7\u00e3o dobre os perigos dos golpes digitais e tamb\u00e9m com palestras sobre organiza\u00e7\u00e3o financeira e como evitar o endividamento.<\/p>\n\n\n\n<p>\u201cHoje, grande parte das reclama\u00e7\u00f5es que chegam ao Procon est\u00e1 relacionada a golpes digitais. Por isso, al\u00e9m de alertar sobre essas pr\u00e1ticas, tamb\u00e9m vamos orientar sobre controle de gastos e a import\u00e2ncia de evitar o endividamento\u201d, explicou o diretor do Procon, Marcelo Canale.<\/p>\n\n\n\n<p><strong>Locais e datas das palestras:<\/strong><br>Dia (9) 14h \u2013 CRAS Central: Rua Senador Fonseca, 605 \u2013 Centro;<br>Dia (16) 10h \u2013 CRAS Leste: Rua Manoel de Almeida Curado, 137 \u2013 Jardim Tamoio;<br>Dia (17) 10h30 \u2013 CRAS Norte: ( Pr\u00e9dio CRAS Central \u2013 Rua Senador Fonseca605 \u2013 Centro);<br>Dia (18) 14h \u2013 CRAS Nordeste: Rua Rio de Janeiro, 808 \u2013 Jardim Tarum\u00e3;<br>Dia (19) 09h \u2013 CRAS Sul: Rua Padre Norberto Mojola, 40 \u2013 Jardim Santa Gertrudes;<br>Dia (20) 14h \u2013 CRAS Oeste: Avenida Prof\u00aa. Danielle Louren\u00e7on, 561 \u2013 Jardim Novo Horizonte.<\/p>\n\n\n\n<p><\/p>\n\n\n\n<p><\/p>\n\n\n\n<p>Fonte \/ Imagem: Prefeitura de Jundia\u00ed<\/p>\n","protected":false},"excerpt":{"rendered":"<p>Durante este m\u00eas de mar\u00e7o, equipes do Procon estar\u00e3o em feiras livres, no cal\u00e7ad\u00e3o da Pra\u00e7a Governador Pedro de Toledo, no Centro, e tamb\u00e9m nos CRAS das cinco regi\u00f5es da cidade<\/p>\n","protected":false},"author":24,"featured_media":134934,"comment_status":"closed","ping_status":"0","sticky":false,"template":"","format":"standard","meta":{"footnotes":""},"categories":[29,8356],"tags":[],"class_list":["post-134933","post","type-post","status-publish","format-standard","has-post-thumbnail","hentry","category-destaque","category-jundiai"],"_links":{"self":[{"href":"https:\/\/tvtecjundiai.com.br\/news\/wp-json\/wp\/v2\/posts\/134933","targetHints":{"allow":["GET"]}}],"collection":[{"href":"https:\/\/tvtecjundiai.com.br\/news\/wp-json\/wp\/v2\/posts"}],"about":[{"href":"https:\/\/tvtecjundiai.com.br\/news\/wp-json\/wp\/v2\/types\/post"}],"author":[{"embeddable":true,"href":"https:\/\/tvtecjundiai.com.br\/news\/wp-json\/wp\/v2\/users\/24"}],"replies":[{"embeddable":true,"href":"https:\/\/tvtecjundiai.com.br\/news\/wp-json\/wp\/v2\/comments?post=134933"}],"version-history":[{"count":1,"href":"https:\/\/tvtecjundiai.com.br\/news\/wp-json\/wp\/v2\/posts\/134933\/revisions"}],"predecessor-version":[{"id":134935,"href":"https:\/\/tvtecjundiai.com.br\/news\/wp-json\/wp\/v2\/posts\/134933\/revisions\/134935"}],"wp:featuredmedia":[{"embeddable":true,"href":"https:\/\/tvtecjundiai.com.br\/news\/wp-json\/wp\/v2\/media\/134934"}],"wp:attachment":[{"href":"https:\/\/tvtecjundiai.com.br\/news\/wp-json\/wp\/v2\/media?parent=134933"}],"wp:term":[{"taxonomy":"category","embeddable":true,"href":"https:\/\/tvtecjundiai.com.br\/news\/wp-json\/wp\/v2\/categories?post=134933"},{"taxonomy":"post_tag","embeddable":true,"href":"https:\/\/tvtecjundiai.com.br\/news\/wp-json\/wp\/v2\/tags?post=134933"}],"curies":[{"name":"wp","href":"https:\/\/api.w.org\/{rel}","templated":true}]}}