{"id":134936,"date":"2026-03-09T12:40:46","date_gmt":"2026-03-09T15:40:46","guid":{"rendered":"https:\/\/tvtecjundiai.com.br\/news\/?p=134936"},"modified":"2026-03-09T12:42:59","modified_gmt":"2026-03-09T15:42:59","slug":"jundiai-esta-entre-as-10-cidades-que-mais-geraram-empregos-em-janeiro-no-estado-de-sao-paulo","status":"publish","type":"post","link":"https:\/\/tvtecjundiai.com.br\/news\/2026\/03\/09\/jundiai-esta-entre-as-10-cidades-que-mais-geraram-empregos-em-janeiro-no-estado-de-sao-paulo\/","title":{"rendered":"Jundia\u00ed est\u00e1 entre as 10 cidades que mais geraram empregos em janeiro no Estado de S\u00e3o Paulo"},"content":{"rendered":"\n<p>Jundia\u00ed est\u00e1 entre as cidades que mais geraram empregos com carteira assinada no estado de S\u00e3o Paulo no m\u00eas de janeiro. De acordo com levantamento divulgado pelo governo estadual, o munic\u00edpio aparece na 10\u00aa coloca\u00e7\u00e3o no ranking, com 619 novos postos de trabalho formais criados no per\u00edodo.<\/p>\n\n\n\n<p><\/p>\n\n\n\n<figure class=\"wp-block-image size-large\"><img loading=\"lazy\" decoding=\"async\" width=\"1200\" height=\"801\" src=\"https:\/\/tvtecjundiai.com.br\/news\/wp-content\/uploads\/sites\/2\/2026\/03\/jundiai-empreendedora_fm_-12-1200x801.jpg\" alt=\"\" class=\"wp-image-134938\" srcset=\"https:\/\/tvtecjundiai.com.br\/news\/wp-content\/uploads\/sites\/2\/2026\/03\/jundiai-empreendedora_fm_-12-1200x801.jpg 1200w, https:\/\/tvtecjundiai.com.br\/news\/wp-content\/uploads\/sites\/2\/2026\/03\/jundiai-empreendedora_fm_-12-300x200.jpg 300w, https:\/\/tvtecjundiai.com.br\/news\/wp-content\/uploads\/sites\/2\/2026\/03\/jundiai-empreendedora_fm_-12-768x512.jpg 768w, https:\/\/tvtecjundiai.com.br\/news\/wp-content\/uploads\/sites\/2\/2026\/03\/jundiai-empreendedora_fm_-12.jpg 1280w\" sizes=\"auto, (max-width: 1200px) 100vw, 1200px\" \/><figcaption class=\"wp-element-caption\">Al\u00e9m do bom desempenho no primeiro m\u00eas do ano, Jundia\u00ed tamb\u00e9m aparece com destaque no acumulado dos \u00faltimos 12 meses<\/figcaption><\/figure>\n\n\n\n<p><\/p>\n\n\n\n<p><\/p>\n\n\n\n<p>Os dados s\u00e3o da Funda\u00e7\u00e3o Seade, com base nas informa\u00e7\u00f5es do Novo Caged, do Minist\u00e9rio do Trabalho e Emprego, que monitora a gera\u00e7\u00e3o de empregos formais no pa\u00eds.<\/p>\n\n\n\n<p>Al\u00e9m do bom desempenho no primeiro m\u00eas do ano, Jundia\u00ed tamb\u00e9m aparece com destaque no acumulado dos \u00faltimos 12 meses, ocupando a 12\u00aa posi\u00e7\u00e3o entre os munic\u00edpios que mais geraram empregos no estado, com 3.162 vagas formais criadas no per\u00edodo.<\/p>\n\n\n\n<p>No total, o estado de S\u00e3o Paulo registrou 16.451 novos empregos com carteira assinada em janeiro, mantendo a lideran\u00e7a nacional na gera\u00e7\u00e3o de postos de trabalho.<\/p>\n\n\n\n<p><\/p>\n\n\n\n<p>Fonte: Ag\u00eancia SP \/ Imagem: Prefeitura de Jundia\u00ed<\/p>\n\n\n\n<p><\/p>\n","protected":false},"excerpt":{"rendered":"<p>Munic\u00edpio tamb\u00e9m ocupa a 12\u00aa posi\u00e7\u00e3o no ranking estadual de gera\u00e7\u00e3o de empregos no acumulado de 12 meses<\/p>\n","protected":false},"author":24,"featured_media":134937,"comment_status":"closed","ping_status":"0","sticky":false,"template":"","format":"standard","meta":{"footnotes":""},"categories":[29,8363,8356],"tags":[],"class_list":["post-134936","post","type-post","status-publish","format-standard","has-post-thumbnail","hentry","category-destaque","category-emprego-2","category-jundiai"],"_links":{"self":[{"href":"https:\/\/tvtecjundiai.com.br\/news\/wp-json\/wp\/v2\/posts\/134936","targetHints":{"allow":["GET"]}}],"collection":[{"href":"https:\/\/tvtecjundiai.com.br\/news\/wp-json\/wp\/v2\/posts"}],"about":[{"href":"https:\/\/tvtecjundiai.com.br\/news\/wp-json\/wp\/v2\/types\/post"}],"author":[{"embeddable":true,"href":"https:\/\/tvtecjundiai.com.br\/news\/wp-json\/wp\/v2\/users\/24"}],"replies":[{"embeddable":true,"href":"https:\/\/tvtecjundiai.com.br\/news\/wp-json\/wp\/v2\/comments?post=134936"}],"version-history":[{"count":3,"href":"https:\/\/tvtecjundiai.com.br\/news\/wp-json\/wp\/v2\/posts\/134936\/revisions"}],"predecessor-version":[{"id":134941,"href":"https:\/\/tvtecjundiai.com.br\/news\/wp-json\/wp\/v2\/posts\/134936\/revisions\/134941"}],"wp:featuredmedia":[{"embeddable":true,"href":"https:\/\/tvtecjundiai.com.br\/news\/wp-json\/wp\/v2\/media\/134937"}],"wp:attachment":[{"href":"https:\/\/tvtecjundiai.com.br\/news\/wp-json\/wp\/v2\/media?parent=134936"}],"wp:term":[{"taxonomy":"category","embeddable":true,"href":"https:\/\/tvtecjundiai.com.br\/news\/wp-json\/wp\/v2\/categories?post=134936"},{"taxonomy":"post_tag","embeddable":true,"href":"https:\/\/tvtecjundiai.com.br\/news\/wp-json\/wp\/v2\/tags?post=134936"}],"curies":[{"name":"wp","href":"https:\/\/api.w.org\/{rel}","templated":true}]}}