{"id":134952,"date":"2026-03-10T10:55:48","date_gmt":"2026-03-10T13:55:48","guid":{"rendered":"https:\/\/tvtecjundiai.com.br\/news\/?p=134952"},"modified":"2026-03-11T10:20:47","modified_gmt":"2026-03-11T13:20:47","slug":"tvtec-abre-inscricoes-para-cursos-gratuitos-de-comunicacao-e-marketing-digital","status":"publish","type":"post","link":"https:\/\/tvtecjundiai.com.br\/news\/2026\/03\/10\/tvtec-abre-inscricoes-para-cursos-gratuitos-de-comunicacao-e-marketing-digital\/","title":{"rendered":"TVTEC abre inscri\u00e7\u00f5es para cursos gratuitos de comunica\u00e7\u00e3o e marketing digital"},"content":{"rendered":"\n<p>As atividades acontecem na pr\u00f3xima semana e s\u00e3o abertas ao p\u00fablico em geral, com op\u00e7\u00f5es para quem deseja aprender mais sobre marketing digital, produ\u00e7\u00e3o de conte\u00fado, comunica\u00e7\u00e3o e ferramentas online.<\/p>\n\n\n\n<figure class=\"wp-block-image\"><img decoding=\"async\" src=\"https:\/\/tvtecjundiai.com.br\/news\/wp-content\/uploads\/sites\/2\/2026\/03\/qrqrqrqrqr.jpg\" alt=\"\" class=\"wp-image-134760\" \/><\/figure>\n\n\n\n<p><\/p>\n\n\n\n<p><strong>Confira a programa\u00e7\u00e3o:<\/strong><\/p>\n\n\n\n<p>\ud83d\udcc8 <strong>Introdu\u00e7\u00e3o ao Tr\u00e1fego Pago: Conceitos e Pr\u00e1tica<\/strong><br>\ud83d\udcc5 17\/03\/2026 (ter\u00e7a-feira), \u00e0s 7h<br>\ud83d\udc64 Com \u00c2ngelo Lanfranchi<\/p>\n\n\n\n<p>\ud83c\udfac <strong>Produza V\u00eddeos Criativos \u2013 M\u00f3dulo 2<\/strong><br>\ud83d\udcc5 18\/03\/2026 (quarta-feira), \u00e0s 9h<br>\ud83d\udc64 Com Silvio Rom\u00e3o (Ramones)<\/p>\n\n\n\n<p>\ud83d\udce2 <strong>Comunique-se com Clareza: Orat\u00f3ria<\/strong><br>\ud83d\udcc5 18\/03\/2026 (quarta-feira), \u00e0s 14h<br>\ud83d\udc64 Com Silvio Rom\u00e3o (Ramones)<\/p>\n\n\n\n<p>\ud83d\udcf1 <strong>TikTok Al\u00e9m das Dancinhas<\/strong><br>\ud83d\udcc5 19\/03\/2026 (quinta-feira), \u00e0s 14h<br>\ud83d\udc64 Com Bruna Faro<\/p>\n\n\n\n<p>\ud83c\udf10 <strong>Construa seu Site no Canva<\/strong><br>\ud83d\udcc5 19\/03\/2026 (quinta-feira), \u00e0s 19h<br>\ud83d\udc64 Com Gabriel Preto<\/p>\n\n\n\n<p><\/p>\n\n\n\n<p>As inscri\u00e7\u00f5es para os cursos da pr\u00f3xima semana j\u00e1 est\u00e3o abertas.<br>Para garantir sua vaga, acesse o link dispon\u00edvel na bio do Instagram\u00a0<a href=\"https:\/\/www.instagram.com\/tvteccursos\">@TVTECCURSOS<\/a>\u00a0ou no site\u00a0<a href=\"https:\/\/tvtecjundiai.com.br\/inscricoes\/\">tvtecjundiai.com.br\/inscri\u00e7\u00f5es<\/a>.<\/p>\n\n\n\n<p>Fonte \/ Imagem: Reda\u00e7\u00e3o TVTEC<\/p>\n","protected":false},"excerpt":{"rendered":"<p>As inscri\u00e7\u00f5es para os cursos da pr\u00f3xima semana j\u00e1 est\u00e3o abertas.<br \/>\nPara garantir sua vaga, acesse o link dispon\u00edvel na bio do Instagram\u00a0@TVTECCURSOS\u00a0ou no site\u00a0tvtecjundiai.com.br\/inscri\u00e7\u00f5es<\/p>\n","protected":false},"author":24,"featured_media":134955,"comment_status":"closed","ping_status":"0","sticky":false,"template":"","format":"standard","meta":{"footnotes":""},"categories":[8427,29],"tags":[],"class_list":["post-134952","post","type-post","status-publish","format-standard","has-post-thumbnail","hentry","category-capacitacao","category-destaque"],"_links":{"self":[{"href":"https:\/\/tvtecjundiai.com.br\/news\/wp-json\/wp\/v2\/posts\/134952","targetHints":{"allow":["GET"]}}],"collection":[{"href":"https:\/\/tvtecjundiai.com.br\/news\/wp-json\/wp\/v2\/posts"}],"about":[{"href":"https:\/\/tvtecjundiai.com.br\/news\/wp-json\/wp\/v2\/types\/post"}],"author":[{"embeddable":true,"href":"https:\/\/tvtecjundiai.com.br\/news\/wp-json\/wp\/v2\/users\/24"}],"replies":[{"embeddable":true,"href":"https:\/\/tvtecjundiai.com.br\/news\/wp-json\/wp\/v2\/comments?post=134952"}],"version-history":[{"count":2,"href":"https:\/\/tvtecjundiai.com.br\/news\/wp-json\/wp\/v2\/posts\/134952\/revisions"}],"predecessor-version":[{"id":134972,"href":"https:\/\/tvtecjundiai.com.br\/news\/wp-json\/wp\/v2\/posts\/134952\/revisions\/134972"}],"wp:featuredmedia":[{"embeddable":true,"href":"https:\/\/tvtecjundiai.com.br\/news\/wp-json\/wp\/v2\/media\/134955"}],"wp:attachment":[{"href":"https:\/\/tvtecjundiai.com.br\/news\/wp-json\/wp\/v2\/media?parent=134952"}],"wp:term":[{"taxonomy":"category","embeddable":true,"href":"https:\/\/tvtecjundiai.com.br\/news\/wp-json\/wp\/v2\/categories?post=134952"},{"taxonomy":"post_tag","embeddable":true,"href":"https:\/\/tvtecjundiai.com.br\/news\/wp-json\/wp\/v2\/tags?post=134952"}],"curies":[{"name":"wp","href":"https:\/\/api.w.org\/{rel}","templated":true}]}}