{"id":134965,"date":"2026-03-11T08:46:55","date_gmt":"2026-03-11T11:46:55","guid":{"rendered":"https:\/\/tvtecjundiai.com.br\/news\/?p=134965"},"modified":"2026-03-11T08:46:55","modified_gmt":"2026-03-11T11:46:55","slug":"dae-jundiai-inicia-entrega-anual-do-relatorio-de-qualidade-da-agua","status":"publish","type":"post","link":"https:\/\/tvtecjundiai.com.br\/news\/2026\/03\/11\/dae-jundiai-inicia-entrega-anual-do-relatorio-de-qualidade-da-agua\/","title":{"rendered":"DAE Jundia\u00ed inicia entrega anual do Relat\u00f3rio de Qualidade da \u00c1gua\u00a0"},"content":{"rendered":"\n<p>A DAE Jundia\u00ed come\u00e7a, nesta ter\u00e7a-feira (11), a distribui\u00e7\u00e3o do Relat\u00f3rio Anual de Qualidade da \u00c1gua, referente ao ano-base de 2025. O documento, que cumpre as determina\u00e7\u00f5es do Decreto Federal n\u00ba 5.440\/05 e do C\u00f3digo de Defesa do Consumidor, ser\u00e1 entregue a todos os clientes da empresa entre os meses de mar\u00e7o e abril, acompanhando as faturas de consumo mensais. A iniciativa refor\u00e7a o compromisso da companhia com a transpar\u00eancia e a sa\u00fade p\u00fablica, oferecendo aos moradores um panorama detalhado sobre a potabilidade da \u00e1gua que chega \u00e0s torneiras em Jundia\u00ed.<\/p>\n\n\n\n<figure class=\"wp-block-image\"><a class=\"fancybox image\" href=\"https:\/\/daejundiai.com.br\/wp-content\/uploads\/2026\/03\/Relatorio-Anual-de-Qualidade-da-Agua_Ano-Base-2025-1-840x644.jpg\"><img decoding=\"async\" src=\"https:\/\/daejundiai.com.br\/wp-content\/uploads\/2026\/03\/Relatorio-Anual-de-Qualidade-da-Agua_Ano-Base-2025-1-840x644.jpg\" alt=\"\" class=\"wp-image-39577\" \/><\/a><\/figure>\n\n\n\n<p>Entre os dados apresentados est\u00e3o indicadores como cor, turbidez, pH, fl\u00faor, cloro residual e coliformes, par\u00e2metros utilizados para avaliar se a \u00e1gua est\u00e1 dentro dos padr\u00f5es de potabilidade estabelecidos pelo Minist\u00e9rio da Sa\u00fade. Os resultados demonstram que a \u00e1gua distribu\u00edda \u00e0 popula\u00e7\u00e3o atende a todos os crit\u00e9rios exigidos pela legisla\u00e7\u00e3o.<\/p>\n\n\n\n<p>Al\u00e9m dos dados t\u00e9cnicos, o relat\u00f3rio tamb\u00e9m apresenta explica\u00e7\u00f5es sobre como a \u00e1gua \u00e9 tratada, quais s\u00e3o os par\u00e2metros analisados e o que cada indicador significa para a qualidade do abastecimento. O objetivo \u00e9 facilitar a compreens\u00e3o das informa\u00e7\u00f5es e aproximar a popula\u00e7\u00e3o do servi\u00e7o de saneamento.<\/p>\n\n\n\n<p>Com a divulga\u00e7\u00e3o anual do relat\u00f3rio, a DAE refor\u00e7a sua pol\u00edtica de transpar\u00eancia e presta\u00e7\u00e3o de contas, mantendo a popula\u00e7\u00e3o informada sobre a qualidade da \u00e1gua distribu\u00edda no munic\u00edpio e as a\u00e7\u00f5es realizadas para garantir um abastecimento seguro e confi\u00e1vel.<\/p>\n\n\n\n<h3 class=\"wp-block-heading\">Controle de qualidade<\/h3>\n\n\n\n<p>Para garantir a seguran\u00e7a da \u00e1gua que chega \u00e0s torneiras, a DAE mant\u00e9m um rigoroso sistema de controle que come\u00e7a na capta\u00e7\u00e3o e segue por todas as etapas do processo de tratamento e distribui\u00e7\u00e3o. O trabalho envolve monitoramento cont\u00ednuo nas esta\u00e7\u00f5es de tratamento, reservat\u00f3rios e tamb\u00e9m em diversos pontos da rede de abastecimento espalhados pela cidade.<\/p>\n\n\n\n<p>As an\u00e1lises s\u00e3o realizadas pelo Laborat\u00f3rio de Controle de Qualidade da empresa, que executa testes di\u00e1rios para verificar par\u00e2metros f\u00edsicos, qu\u00edmicos e microbiol\u00f3gicos. Esse acompanhamento permanente permite identificar qualquer altera\u00e7\u00e3o e agir rapidamente para manter a qualidade da \u00e1gua fornecida \u00e0 popula\u00e7\u00e3o.<\/p>\n\n\n\n<p>O processo de tratamento inclui etapas como pr\u00e9-clora\u00e7\u00e3o, coagula\u00e7\u00e3o, decanta\u00e7\u00e3o, filtra\u00e7\u00e3o, desinfec\u00e7\u00e3o e fluoreta\u00e7\u00e3o, garantindo a remo\u00e7\u00e3o de impurezas e a elimina\u00e7\u00e3o de microrganismos. Ap\u00f3s o tratamento, a \u00e1gua \u00e9 armazenada em reservat\u00f3rios e distribu\u00edda pela rede que atende resid\u00eancias, com\u00e9rcios e ind\u00fastrias do munic\u00edpio.<\/p>\n\n\n\n<p><strong>Fonte: DAE Jundia\u00ed<\/strong><\/p>\n","protected":false},"excerpt":{"rendered":"<p>Entre os dados apresentados est\u00e3o indicadores como cor, turbidez, pH, fl\u00faor, cloro residual e coliformes, par\u00e2metros utilizados para avaliar se a \u00e1gua est\u00e1 dentro dos padr\u00f5es de potabilidade estabelecidos pelo Minist\u00e9rio da Sa\u00fade.<\/p>\n","protected":false},"author":24,"featured_media":134966,"comment_status":"closed","ping_status":"0","sticky":false,"template":"","format":"standard","meta":{"footnotes":""},"categories":[8405,8406,29,8356],"tags":[],"class_list":["post-134965","post","type-post","status-publish","format-standard","has-post-thumbnail","hentry","category-dae","category-dae-dae","category-destaque","category-jundiai"],"_links":{"self":[{"href":"https:\/\/tvtecjundiai.com.br\/news\/wp-json\/wp\/v2\/posts\/134965","targetHints":{"allow":["GET"]}}],"collection":[{"href":"https:\/\/tvtecjundiai.com.br\/news\/wp-json\/wp\/v2\/posts"}],"about":[{"href":"https:\/\/tvtecjundiai.com.br\/news\/wp-json\/wp\/v2\/types\/post"}],"author":[{"embeddable":true,"href":"https:\/\/tvtecjundiai.com.br\/news\/wp-json\/wp\/v2\/users\/24"}],"replies":[{"embeddable":true,"href":"https:\/\/tvtecjundiai.com.br\/news\/wp-json\/wp\/v2\/comments?post=134965"}],"version-history":[{"count":1,"href":"https:\/\/tvtecjundiai.com.br\/news\/wp-json\/wp\/v2\/posts\/134965\/revisions"}],"predecessor-version":[{"id":134967,"href":"https:\/\/tvtecjundiai.com.br\/news\/wp-json\/wp\/v2\/posts\/134965\/revisions\/134967"}],"wp:featuredmedia":[{"embeddable":true,"href":"https:\/\/tvtecjundiai.com.br\/news\/wp-json\/wp\/v2\/media\/134966"}],"wp:attachment":[{"href":"https:\/\/tvtecjundiai.com.br\/news\/wp-json\/wp\/v2\/media?parent=134965"}],"wp:term":[{"taxonomy":"category","embeddable":true,"href":"https:\/\/tvtecjundiai.com.br\/news\/wp-json\/wp\/v2\/categories?post=134965"},{"taxonomy":"post_tag","embeddable":true,"href":"https:\/\/tvtecjundiai.com.br\/news\/wp-json\/wp\/v2\/tags?post=134965"}],"curies":[{"name":"wp","href":"https:\/\/api.w.org\/{rel}","templated":true}]}}