{"id":134974,"date":"2026-03-11T14:30:16","date_gmt":"2026-03-11T17:30:16","guid":{"rendered":"https:\/\/tvtecjundiai.com.br\/news\/?p=134974"},"modified":"2026-03-11T14:30:16","modified_gmt":"2026-03-11T17:30:16","slug":"jundiai-recebera-sirenes-de-alerta-para-avisar-moradores-em-areas-de-risco-em-caso-de-chuvas-intensas","status":"publish","type":"post","link":"https:\/\/tvtecjundiai.com.br\/news\/2026\/03\/11\/jundiai-recebera-sirenes-de-alerta-para-avisar-moradores-em-areas-de-risco-em-caso-de-chuvas-intensas\/","title":{"rendered":"Jundia\u00ed receber\u00e1 sirenes de alerta para avisar moradores em \u00e1reas de risco em caso de chuvas intensas"},"content":{"rendered":"\n<p>A Prefeitura de Jundia\u00ed receber\u00e1 sirenes de alerta remoto que ir\u00e3o avisar moradores em situa\u00e7\u00f5es de risco iminente, como deslizamentos de terra ou outros desastres associados a eventos clim\u00e1ticos extremos. O acionamento das sirenes vai orientar a popula\u00e7\u00e3o em caso de chuvas fortes e persistentes ou a deixar as \u00e1reas de risco e se deslocar para locais seguros. O sistema tamb\u00e9m contar\u00e1 com sinais sonoros que indicar\u00e3o a volta \u00e0 normalidade.<\/p>\n\n\n\n<figure class=\"wp-block-image\"><a class=\"fancybox image\" href=\"https:\/\/jundiai.sp.gov.br\/noticias\/wp-content\/uploads\/sites\/32\/2026\/03\/sirene-defesa-civil-2.jpg\"><img decoding=\"async\" src=\"https:\/\/jundiai.sp.gov.br\/noticias\/wp-content\/uploads\/sites\/32\/2026\/03\/sirene-defesa-civil-2.jpg\" alt=\"\" class=\"wp-image-375665\" \/><\/a><figcaption class=\"wp-element-caption\">Foto divulga\u00e7\u00e3o: sirene de alerta para moradores em \u00e1reas de risco em caso de chuvas intensas<\/figcaption><\/figure>\n\n\n\n<p>O Sistema de Alerta Remoto por Sirenes (SISAR), ser\u00e1 entregue ap\u00f3s a assinatura do conv\u00eanio entre o Munic\u00edpio e o Governo do Estado, e faz parte do programa de preven\u00e7\u00e3o em \u00e1reas de risco. \u201cEsse sistema que estamos recebendo \u00e9 muito importante porque amplia nossa capacidade de alerta e prote\u00e7\u00e3o da popula\u00e7\u00e3o que vive em \u00e1reas de risco\u201d, destacou o coordenador da Defesa Civil de Jundia\u00ed, Coronel Gimenez.<\/p>\n\n\n\n<p><strong>Instala\u00e7\u00e3o e monitoramento<\/strong><br>O sistema ser\u00e1 instalado em \u00e1reas de risco da cidade, que ser\u00e3o definidas por t\u00e9cnicos da Prefeitura. As sirenes s\u00e3o acionadas automaticamente quando o volume de chuva atingir 45 mil\u00edmetros ou mais em um per\u00edodo de 60 minutos. O projeto tamb\u00e9m prev\u00ea a instala\u00e7\u00e3o de uma esta\u00e7\u00e3o de coleta de dados meteorol\u00f3gicos, que auxiliar\u00e1 no monitoramento das chuvas e na emiss\u00e3o de alertas preventivos.<\/p>\n\n\n\n<p>A previs\u00e3o \u00e9 que todo o processo de implanta\u00e7\u00e3o seja conclu\u00eddo at\u00e9 novembro deste ano, antecipando o per\u00edodo das chuvas de ver\u00e3o, que normalmente ocorre entre dezembro e mar\u00e7o.<\/p>\n\n\n\n<p><strong>Investimentos e atua\u00e7\u00e3o da Defesa Civil de Jundia\u00ed<\/strong><br>Ao longo de todo o ano de 2025, a Defesa Civil registrou um crescimento de 278% no n\u00famero de atendimentos em compara\u00e7\u00e3o com o ano anterior. Ao todo, foram 759 ocorr\u00eancias atendidas, contra 273 registradas em 2024. Um dos fatores que contribu\u00edram para esse crescimento foi o aumento de 100% no efetivo da equipe, al\u00e9m da mudan\u00e7a na jornada de trabalho para escala 12\u00d736, com equipes atuando de segunda a segunda, garantindo maior cobertura e agilidade no atendimento.<\/p>\n\n\n\n<p><\/p>\n\n\n\n<p>Fonte \/ Imagem: Prefeitura de Jundia\u00ed<\/p>\n","protected":false},"excerpt":{"rendered":"<p> As sirenes s\u00e3o acionadas automaticamente quando o volume de chuva atingir 45 mil\u00edmetros ou mais em um per\u00edodo de 60 minutos<\/p>\n","protected":false},"author":24,"featured_media":134975,"comment_status":"closed","ping_status":"0","sticky":false,"template":"","format":"standard","meta":{"footnotes":""},"categories":[8407,29],"tags":[],"class_list":["post-134974","post","type-post","status-publish","format-standard","has-post-thumbnail","hentry","category-defesa-civil","category-destaque"],"_links":{"self":[{"href":"https:\/\/tvtecjundiai.com.br\/news\/wp-json\/wp\/v2\/posts\/134974","targetHints":{"allow":["GET"]}}],"collection":[{"href":"https:\/\/tvtecjundiai.com.br\/news\/wp-json\/wp\/v2\/posts"}],"about":[{"href":"https:\/\/tvtecjundiai.com.br\/news\/wp-json\/wp\/v2\/types\/post"}],"author":[{"embeddable":true,"href":"https:\/\/tvtecjundiai.com.br\/news\/wp-json\/wp\/v2\/users\/24"}],"replies":[{"embeddable":true,"href":"https:\/\/tvtecjundiai.com.br\/news\/wp-json\/wp\/v2\/comments?post=134974"}],"version-history":[{"count":1,"href":"https:\/\/tvtecjundiai.com.br\/news\/wp-json\/wp\/v2\/posts\/134974\/revisions"}],"predecessor-version":[{"id":134976,"href":"https:\/\/tvtecjundiai.com.br\/news\/wp-json\/wp\/v2\/posts\/134974\/revisions\/134976"}],"wp:featuredmedia":[{"embeddable":true,"href":"https:\/\/tvtecjundiai.com.br\/news\/wp-json\/wp\/v2\/media\/134975"}],"wp:attachment":[{"href":"https:\/\/tvtecjundiai.com.br\/news\/wp-json\/wp\/v2\/media?parent=134974"}],"wp:term":[{"taxonomy":"category","embeddable":true,"href":"https:\/\/tvtecjundiai.com.br\/news\/wp-json\/wp\/v2\/categories?post=134974"},{"taxonomy":"post_tag","embeddable":true,"href":"https:\/\/tvtecjundiai.com.br\/news\/wp-json\/wp\/v2\/tags?post=134974"}],"curies":[{"name":"wp","href":"https:\/\/api.w.org\/{rel}","templated":true}]}}