{"id":134993,"date":"2026-03-12T10:12:16","date_gmt":"2026-03-12T13:12:16","guid":{"rendered":"https:\/\/tvtecjundiai.com.br\/news\/?p=134993"},"modified":"2026-03-12T10:12:16","modified_gmt":"2026-03-12T13:12:16","slug":"possibilidade-de-chuvas-intensas-nas-proximas-horas-acende-alerta-em-jundiai","status":"publish","type":"post","link":"https:\/\/tvtecjundiai.com.br\/news\/2026\/03\/12\/possibilidade-de-chuvas-intensas-nas-proximas-horas-acende-alerta-em-jundiai\/","title":{"rendered":"Possibilidade de chuvas intensas nas pr\u00f3ximas horas acende alerta em Jundia\u00ed"},"content":{"rendered":"\n<p>De acordo com a Casa Militar da Defesa Civil estadual, o volume de chuva nas pr\u00f3ximas 48 horas pode atingir m\u00e9dia de at\u00e9 160 mil\u00edmetros, superando o registrado no mesmo per\u00edodo do ano passado. O cen\u00e1rio aumenta o risco de alagamentos, enxurradas e deslizamentos em \u00e1reas mais vulner\u00e1veis.<\/p>\n\n\n\n<figure class=\"wp-block-image size-large\"><img loading=\"lazy\" decoding=\"async\" width=\"1200\" height=\"800\" src=\"https:\/\/tvtecjundiai.com.br\/news\/wp-content\/uploads\/sites\/2\/2026\/03\/tempestade_vista_do_paco_municipal_jundiai_psa-1280x853-1-1200x800.jpg\" alt=\"\" class=\"wp-image-134995\" srcset=\"https:\/\/tvtecjundiai.com.br\/news\/wp-content\/uploads\/sites\/2\/2026\/03\/tempestade_vista_do_paco_municipal_jundiai_psa-1280x853-1-1200x800.jpg 1200w, https:\/\/tvtecjundiai.com.br\/news\/wp-content\/uploads\/sites\/2\/2026\/03\/tempestade_vista_do_paco_municipal_jundiai_psa-1280x853-1-300x200.jpg 300w, https:\/\/tvtecjundiai.com.br\/news\/wp-content\/uploads\/sites\/2\/2026\/03\/tempestade_vista_do_paco_municipal_jundiai_psa-1280x853-1-768x512.jpg 768w, https:\/\/tvtecjundiai.com.br\/news\/wp-content\/uploads\/sites\/2\/2026\/03\/tempestade_vista_do_paco_municipal_jundiai_psa-1280x853-1.jpg 1280w\" sizes=\"auto, (max-width: 1200px) 100vw, 1200px\" \/><figcaption class=\"wp-element-caption\">A Defesa Civil alerta para a possibilidade de chuvas intensas nas pr\u00f3ximas horas em Jundia\u00ed<\/figcaption><\/figure>\n\n\n\n<p><\/p>\n\n\n\n<p>Diante da previs\u00e3o, a orienta\u00e7\u00e3o \u00e9 para que moradores de \u00e1reas de risco redobrem a aten\u00e7\u00e3o. Em caso de chuva forte, \u00e9 importante evitar atravessar ruas alagadas, n\u00e3o se abrigar sob \u00e1rvores e ficar atento a sinais de deslizamento, como rachaduras no solo ou inclina\u00e7\u00e3o de \u00e1rvores e postes.<\/p>\n\n\n\n<p>O assunto tamb\u00e9m ser\u00e1 destaque no TECNEWS desta quinta-feira (12). O programa recebe o coordenador da Defesa Civil, coronel Gimenez, que vai explicar as a\u00e7\u00f5es do \u00f3rg\u00e3o e orientar a popula\u00e7\u00e3o de Jundia\u00ed sobre cuidados e preven\u00e7\u00e3o durante per\u00edodos de chuvas intensas.<\/p>\n\n\n\n<figure class=\"wp-block-image size-large\"><img loading=\"lazy\" decoding=\"async\" width=\"1200\" height=\"903\" src=\"https:\/\/tvtecjundiai.com.br\/news\/wp-content\/uploads\/sites\/2\/2026\/03\/WhatsApp-Image-2026-03-12-at-09.58.52-1200x903.jpeg\" alt=\"\" class=\"wp-image-134999\" srcset=\"https:\/\/tvtecjundiai.com.br\/news\/wp-content\/uploads\/sites\/2\/2026\/03\/WhatsApp-Image-2026-03-12-at-09.58.52-1200x903.jpeg 1200w, https:\/\/tvtecjundiai.com.br\/news\/wp-content\/uploads\/sites\/2\/2026\/03\/WhatsApp-Image-2026-03-12-at-09.58.52-300x226.jpeg 300w, https:\/\/tvtecjundiai.com.br\/news\/wp-content\/uploads\/sites\/2\/2026\/03\/WhatsApp-Image-2026-03-12-at-09.58.52-768x578.jpeg 768w, https:\/\/tvtecjundiai.com.br\/news\/wp-content\/uploads\/sites\/2\/2026\/03\/WhatsApp-Image-2026-03-12-at-09.58.52.jpeg 1280w\" sizes=\"auto, (max-width: 1200px) 100vw, 1200px\" \/><figcaption class=\"wp-element-caption\">Coordenador da Defesa Civil, coronel Gimenez no TECNEWS<\/figcaption><\/figure>\n\n\n\n<p><\/p>\n\n\n\n<p><\/p>\n\n\n\n<p><strong>Servi\u00e7o<\/strong><br>Defesa Civil: 199<br>Corpo de Bombeiros: 193<br>SAMU: 192<br>Guarda Municipal: 153<br>Prefeitura: 156 (reclama\u00e7\u00f5es e sugest\u00f5es)<\/p>\n\n\n\n<p><\/p>\n\n\n\n<p>Fonte: Reda\u00e7\u00e3o TVTEC \/ Imagem: Prefeitura de Jundia\u00ed<\/p>\n","protected":false},"excerpt":{"rendered":"<p>De acordo com a Casa Militar da Defesa Civil estadual, o volume de chuva nas pr\u00f3ximas 48 horas pode atingir m\u00e9dia de at\u00e9 160 mil\u00edmetros, superando o registrado no mesmo per\u00edodo do ano passado<\/p>\n","protected":false},"author":24,"featured_media":134996,"comment_status":"open","ping_status":"0","sticky":false,"template":"","format":"standard","meta":{"footnotes":""},"categories":[8407,29,8415],"tags":[],"class_list":["post-134993","post","type-post","status-publish","format-standard","has-post-thumbnail","hentry","category-defesa-civil","category-destaque","category-previsao-do-tempo"],"_links":{"self":[{"href":"https:\/\/tvtecjundiai.com.br\/news\/wp-json\/wp\/v2\/posts\/134993","targetHints":{"allow":["GET"]}}],"collection":[{"href":"https:\/\/tvtecjundiai.com.br\/news\/wp-json\/wp\/v2\/posts"}],"about":[{"href":"https:\/\/tvtecjundiai.com.br\/news\/wp-json\/wp\/v2\/types\/post"}],"author":[{"embeddable":true,"href":"https:\/\/tvtecjundiai.com.br\/news\/wp-json\/wp\/v2\/users\/24"}],"replies":[{"embeddable":true,"href":"https:\/\/tvtecjundiai.com.br\/news\/wp-json\/wp\/v2\/comments?post=134993"}],"version-history":[{"count":2,"href":"https:\/\/tvtecjundiai.com.br\/news\/wp-json\/wp\/v2\/posts\/134993\/revisions"}],"predecessor-version":[{"id":135001,"href":"https:\/\/tvtecjundiai.com.br\/news\/wp-json\/wp\/v2\/posts\/134993\/revisions\/135001"}],"wp:featuredmedia":[{"embeddable":true,"href":"https:\/\/tvtecjundiai.com.br\/news\/wp-json\/wp\/v2\/media\/134996"}],"wp:attachment":[{"href":"https:\/\/tvtecjundiai.com.br\/news\/wp-json\/wp\/v2\/media?parent=134993"}],"wp:term":[{"taxonomy":"category","embeddable":true,"href":"https:\/\/tvtecjundiai.com.br\/news\/wp-json\/wp\/v2\/categories?post=134993"},{"taxonomy":"post_tag","embeddable":true,"href":"https:\/\/tvtecjundiai.com.br\/news\/wp-json\/wp\/v2\/tags?post=134993"}],"curies":[{"name":"wp","href":"https:\/\/api.w.org\/{rel}","templated":true}]}}