{"id":135002,"date":"2026-03-12T10:11:46","date_gmt":"2026-03-12T13:11:46","guid":{"rendered":"https:\/\/tvtecjundiai.com.br\/news\/?p=135002"},"modified":"2026-03-12T10:11:46","modified_gmt":"2026-03-12T13:11:46","slug":"instituto-motiva-e-co-liga-lancam-cursos-gratuitos-em-inteligencia-artificial","status":"publish","type":"post","link":"https:\/\/tvtecjundiai.com.br\/news\/2026\/03\/12\/instituto-motiva-e-co-liga-lancam-cursos-gratuitos-em-inteligencia-artificial\/","title":{"rendered":"Instituto Motiva e co.liga lan\u00e7am cursos gratuitos em intelig\u00eancia artificial"},"content":{"rendered":"\n<p>A Motiva, maior empresa de infraestrutura de mobilidade do Brasil, e a co.liga, escola digital da Funda\u00e7\u00e3o Roberto Marinho (FRM) e da Organiza\u00e7\u00e3o dos Estados Ibero-americanos (OEI), acabam de lan\u00e7ar dois cursos digitais e gratuitos em Intelig\u00eancia Artificial (IA) Generativa. A iniciativa conta com o apoio da Motiva Autoban e \u00e9 aberta a qualquer pessoa interessada. Al\u00e9m de democratizar o uso da tecnologia para milhares de brasileiros, tamb\u00e9m refor\u00e7a as a\u00e7\u00f5es de letramento digital da Companhia para seus colaboradores, alinhada \u00e0 estrat\u00e9gia de investir R$ 1 bilh\u00e3o em inova\u00e7\u00e3o at\u00e9 2035, no contexto da Ind\u00fastria 5.0.<\/p>\n\n\n\n<figure class=\"wp-block-image size-large\"><img loading=\"lazy\" decoding=\"async\" width=\"1200\" height=\"800\" src=\"https:\/\/tvtecjundiai.com.br\/news\/wp-content\/uploads\/sites\/2\/2026\/03\/image001-1-1-1200x800.jpg\" alt=\"\" class=\"wp-image-135004\" srcset=\"https:\/\/tvtecjundiai.com.br\/news\/wp-content\/uploads\/sites\/2\/2026\/03\/image001-1-1-1200x800.jpg 1200w, https:\/\/tvtecjundiai.com.br\/news\/wp-content\/uploads\/sites\/2\/2026\/03\/image001-1-1-300x200.jpg 300w, https:\/\/tvtecjundiai.com.br\/news\/wp-content\/uploads\/sites\/2\/2026\/03\/image001-1-1-768x512.jpg 768w, https:\/\/tvtecjundiai.com.br\/news\/wp-content\/uploads\/sites\/2\/2026\/03\/image001-1-1.jpg 1280w\" sizes=\"auto, (max-width: 1200px) 100vw, 1200px\" \/><figcaption class=\"wp-element-caption\"><em>Iniciativa amplia tamb\u00e9m as a\u00e7\u00f5es da Motiva para o letramento digital dos seus colaboradores, em linha com o plano de investir R$ 1 bilh\u00e3o em inova\u00e7\u00e3o at\u00e9 2035<\/em><br><\/figcaption><\/figure>\n\n\n\n<p><\/p>\n\n\n\n<p>Nos \u00faltimos dois anos, as buscas por solu\u00e7\u00f5es de intelig\u00eancia artificial generativa para elevar a produtividade dispararam e transformaram o tema em um dos mais pesquisados na internet, segundo o Google Trends. No Brasil, diferentes ferramentas se popularizaram, sobretudo para atividades de estudo e trabalho. Ainda assim, a IA costuma ser vista como concorrente nos processos criativos, seja na produ\u00e7\u00e3o de textos e imagens ou na elabora\u00e7\u00e3o de ideias.&nbsp;<\/p>\n\n\n\n<p><br>Diante desse cen\u00e1rio e do desafio de fortalecer a autoria na economia criativa, a Motiva, por meio do Instituto Motiva, e a co.liga estruturaram duas forma\u00e7\u00f5es complementares que atendem tanto profissionais da \u00e1rea quanto o p\u00fablico geral. Os novos cursos, que ampliam a oferta formativa da escola digital nas \u00e1reas de cultura, tecnologia e economia criativa, prop\u00f5em uma abordagem pr\u00e1tica: exploram desde a experimenta\u00e7\u00e3o de ferramentas de IA at\u00e9 sua aplica\u00e7\u00e3o na concep\u00e7\u00e3o, estrutura\u00e7\u00e3o e execu\u00e7\u00e3o de projetos criativos.&nbsp;<\/p>\n\n\n\n<p><br>Os cursos combinam experimenta\u00e7\u00e3o pr\u00e1tica com reflex\u00e3o cr\u00edtica, fortalecendo o letramento digital e preparando profissionais para utilizar a IA de forma estrat\u00e9gica, \u00e9tica e consciente. As trilhas s\u00e3o abertas a qualquer pessoa com cadastro na plataforma e oferecem certifica\u00e7\u00e3o. As duas forma\u00e7\u00f5es j\u00e1 est\u00e3o dispon\u00edveis no site da co.liga:\u00a0<a href=\"https:\/\/coliga.digital\/pt-BR\" data-type=\"link\" data-id=\"https:\/\/coliga.digital\/pt-BR\">coliga.digital.<\/a>\u00a0<\/p>\n\n\n\n<p><\/p>\n\n\n\n<p>Fonte \/ Imagem: Assessoria de Comunica\u00e7\u00e3o Motiva Autoban<\/p>\n\n\n\n<p><\/p>\n","protected":false},"excerpt":{"rendered":"<p>Iniciativa amplia tamb\u00e9m as a\u00e7\u00f5es da Motiva para o letramento digital dos seus colaboradores, em linha com o plano de investir R$ 1 bilh\u00e3o em inova\u00e7\u00e3o at\u00e9 2035<\/p>\n","protected":false},"author":24,"featured_media":135003,"comment_status":"closed","ping_status":"0","sticky":false,"template":"","format":"standard","meta":{"footnotes":""},"categories":[8427,29],"tags":[],"class_list":["post-135002","post","type-post","status-publish","format-standard","has-post-thumbnail","hentry","category-capacitacao","category-destaque"],"_links":{"self":[{"href":"https:\/\/tvtecjundiai.com.br\/news\/wp-json\/wp\/v2\/posts\/135002","targetHints":{"allow":["GET"]}}],"collection":[{"href":"https:\/\/tvtecjundiai.com.br\/news\/wp-json\/wp\/v2\/posts"}],"about":[{"href":"https:\/\/tvtecjundiai.com.br\/news\/wp-json\/wp\/v2\/types\/post"}],"author":[{"embeddable":true,"href":"https:\/\/tvtecjundiai.com.br\/news\/wp-json\/wp\/v2\/users\/24"}],"replies":[{"embeddable":true,"href":"https:\/\/tvtecjundiai.com.br\/news\/wp-json\/wp\/v2\/comments?post=135002"}],"version-history":[{"count":1,"href":"https:\/\/tvtecjundiai.com.br\/news\/wp-json\/wp\/v2\/posts\/135002\/revisions"}],"predecessor-version":[{"id":135005,"href":"https:\/\/tvtecjundiai.com.br\/news\/wp-json\/wp\/v2\/posts\/135002\/revisions\/135005"}],"wp:featuredmedia":[{"embeddable":true,"href":"https:\/\/tvtecjundiai.com.br\/news\/wp-json\/wp\/v2\/media\/135003"}],"wp:attachment":[{"href":"https:\/\/tvtecjundiai.com.br\/news\/wp-json\/wp\/v2\/media?parent=135002"}],"wp:term":[{"taxonomy":"category","embeddable":true,"href":"https:\/\/tvtecjundiai.com.br\/news\/wp-json\/wp\/v2\/categories?post=135002"},{"taxonomy":"post_tag","embeddable":true,"href":"https:\/\/tvtecjundiai.com.br\/news\/wp-json\/wp\/v2\/tags?post=135002"}],"curies":[{"name":"wp","href":"https:\/\/api.w.org\/{rel}","templated":true}]}}