{"id":135009,"date":"2026-03-14T13:18:21","date_gmt":"2026-03-14T16:18:21","guid":{"rendered":"https:\/\/tvtecjundiai.com.br\/news\/?p=135009"},"modified":"2026-03-14T13:18:40","modified_gmt":"2026-03-14T16:18:40","slug":"fens-tera-programacao-de-oficinas-e-atividades-interativas-no-segundo-fim-de-semana-do-evento","status":"publish","type":"post","link":"https:\/\/tvtecjundiai.com.br\/news\/2026\/03\/14\/fens-tera-programacao-de-oficinas-e-atividades-interativas-no-segundo-fim-de-semana-do-evento\/","title":{"rendered":"FENS tem programa\u00e7\u00e3o de oficinas e atividades interativas no segundo fim de semana do evento"},"content":{"rendered":"\n<p>O segundo fim de semana da Feira do Empreendedor, Neg\u00f3cios e Servi\u00e7os (FENS) promete uma programa\u00e7\u00e3o diversificada no palco interno, reunindo oficinas, apresenta\u00e7\u00f5es e atividades interativas para diferentes p\u00fablicos. As atra\u00e7\u00f5es ocorrem nos dias 13, 14 e 15 de mar\u00e7o, no Parque Comendador Ant\u00f4nio Carbonari, o Parque da Uva, em Jundia\u00ed.<\/p>\n\n\n\n<p>A proposta \u00e9 ampliar a experi\u00eancia do p\u00fablico dentro da feira, oferecendo momentos de aprendizado, troca de conhecimento e entretenimento, al\u00e9m da oportunidade para que expositores apresentem seus produtos e servi\u00e7os de forma pr\u00e1tica.<\/p>\n\n\n\n<figure class=\"wp-block-image\"><a class=\"fancybox image\" href=\"https:\/\/jundiai.sp.gov.br\/noticias\/wp-content\/uploads\/sites\/32\/2026\/03\/oficina-fens-edited-1.jpeg\"><img decoding=\"async\" src=\"https:\/\/jundiai.sp.gov.br\/noticias\/wp-content\/uploads\/sites\/32\/2026\/03\/oficina-fens-edited-1.jpeg\" alt=\"\" class=\"wp-image-375607\" \/><\/a><\/figure>\n\n\n\n<p>No s\u00e1bado (14), o p\u00fablico poder\u00e1 participar da Oficina Mini Arcos de Bal\u00e3o, \u00e0s 13h, com a empresa Pegue &amp; Monte. A programa\u00e7\u00e3o segue com a Oficina de Customiza\u00e7\u00e3o de Bebedouros, \u00e0s 16h. J\u00e1, \u00e0s 18h, o p\u00fablico poder\u00e1 participar da Oficina de Marcenaria, conduzida pela Wood Dust, que apresentar\u00e1 t\u00e9cnicas e conceitos b\u00e1sicos do trabalho artesanal com madeira.<\/p>\n\n\n\n<p>Para Rodrigo Geraldo, da Wood Dust, a participa\u00e7\u00e3o na feira representa uma oportunidade importante de compartilhar conhecimento e aproximar o p\u00fablico do seu trabalho. \u201cSou fundador, juntamente com Lelo e Fabi, e acreditamos que, al\u00e9m de expor nossos produtos, tamb\u00e9m temos a oportunidade de apresentar nosso trabalho de outra forma, por meio da oficina. \u00c9 uma maneira de mostrar o processo da marcenaria, trocar experi\u00eancias e ensinar um pouco do que fazemos\u201d, explicou.<\/p>\n\n\n\n<p>J\u00e1 no domingo (15), a programa\u00e7\u00e3o continua com atividades voltadas ao empreendedorismo, cultura e entretenimento. \u00c0s 13h e 14h, o Ecossistema Okada promove o Hot Seat \u2013 solu\u00e7\u00f5es baseadas em experi\u00eancias, um formato de troca de conhecimento entre empreendedores.<\/p>\n\n\n\n<p>\u00c0s 14h, os f\u00e3s de colecion\u00e1veis poder\u00e3o participar da Troca de Figurinhas Pok\u00e9mon, organizada pela Center Cards. A programa\u00e7\u00e3o segue com Desfiles de Moda, \u00e0s 15h e 16h, promovidos pela Wanderley Massaro, apresentando roupas e acess\u00f3rios.<\/p>\n\n\n\n<p>\u00c0s 17h, a Pandoca realiza a Oficina de Customiza\u00e7\u00e3o de Roupas de Boneca, voltada especialmente ao p\u00fablico infantil e \u00e0s fam\u00edlias. Encerrando as atividades do palco interno, \u00e0s 19h, o p\u00fablico poder\u00e1 assistir \u00e0 apresenta\u00e7\u00e3o de ballet da escola Ballet Vanessa Oliveira.<\/p>\n\n\n\n<p>A FENS ocorre em dois fins de semana \u2014 6, 7 e 8 e 13, 14 e 15 de mar\u00e7o. \u00c0s sextas-feiras, o evento ocorre das 12h \u00e0s 22h; aos s\u00e1bados, das 10h \u00e0s 22h; e aos domingos, das 10h \u00e0s 20h. A entrada e o estacionamento s\u00e3o gratuitos.<\/p>\n\n\n\n<p><strong>CONFIRA A PROGRAMA\u00c7\u00c3O COMPLETA<\/strong><\/p>\n\n\n\n<figure class=\"wp-block-table\"><table class=\"has-fixed-layout\"><tbody><tr><td class=\"has-text-align-center\" data-align=\"center\" colspan=\"3\"><strong>S\u00c1BADO DIA 14<\/strong><\/td><\/tr><tr><td class=\"has-text-align-center\" data-align=\"center\"><strong>HOR\u00c1RIO<\/strong><\/td><td class=\"has-text-align-center\" data-align=\"center\"><strong>NOME DA OFICINA<\/strong><\/td><td class=\"has-text-align-center\" data-align=\"center\"><strong>EMPRESA<\/strong><\/td><\/tr><tr><td class=\"has-text-align-center\" data-align=\"center\">11h<\/td><td>FEIRA DE ADO\u00c7\u00c3O PET \u2013 ESPA\u00c7O PET<\/td><td class=\"has-text-align-center\" data-align=\"center\">Pracinha dos Dog\u2019s<\/td><\/tr><tr><td class=\"has-text-align-center\" data-align=\"center\">11H<\/td><td>RODADA DE NEG\u00d3CIOS<\/td><td class=\"has-text-align-center\" data-align=\"center\">Clube de Rodadas<\/td><\/tr><tr><td class=\"has-text-align-center\" data-align=\"center\">13h<\/td><td>OFICINA MINI ARCOS DE BAL\u00c3O<\/td><td class=\"has-text-align-center\" data-align=\"center\">Pegue &amp; Monte<\/td><\/tr><tr><td class=\"has-text-align-center\" data-align=\"center\">15h<\/td><td>Desfile PET<\/td><td class=\"has-text-align-center\" data-align=\"center\">Pracinha dos Dog\u2019s<\/td><\/tr><tr><td class=\"has-text-align-center\" data-align=\"center\">16h<\/td><td>OFICINA DE CUSTOMIZA\u00c7\u00c3O DE BEBEDOUROS<\/td><td class=\"has-text-align-center\" data-align=\"center\">Clinic\u00e3o e Gato<\/td><\/tr><tr><td class=\"has-text-align-center\" data-align=\"center\">17h<\/td><td>SHOW DE M\u00c1GICA<\/td><td class=\"has-text-align-center\" data-align=\"center\">Clinic\u00e3o e Gato<\/td><\/tr><tr><td class=\"has-text-align-center\" data-align=\"center\">18h<\/td><td>OFICINA MARCENARIA<\/td><td class=\"has-text-align-center\" data-align=\"center\">Wood Dust<\/td><\/tr><tr><td class=\"has-text-align-center\" data-align=\"center\" colspan=\"3\"><strong>DOMINGO DIA 15<\/strong><\/td><\/tr><tr><td class=\"has-text-align-center\" data-align=\"center\"><strong>HOR\u00c1RIO<\/strong><\/td><td class=\"has-text-align-center\" data-align=\"center\"><strong>NOME DA OFICINA<\/strong><\/td><td class=\"has-text-align-center\" data-align=\"center\"><strong>EMPRESA<\/strong><\/td><\/tr><tr><td class=\"has-text-align-center\" data-align=\"center\">13h<\/td><td>Hot Seat \u2013 solu\u00e7\u00f5es baseadas em experi\u00eancias<\/td><td class=\"has-text-align-center\" data-align=\"center\">Ecossistema Okada<\/td><\/tr><tr><td class=\"has-text-align-center\" data-align=\"center\">14h<\/td><td>Hot Seat \u2013 solu\u00e7\u00f5es baseadas em experi\u00eancias<\/td><td class=\"has-text-align-center\" data-align=\"center\">Ecossistema Okada<\/td><\/tr><tr><td class=\"has-text-align-center\" data-align=\"center\">14h<\/td><td>TROCA DE FIGURINHAS POKEMON<\/td><td class=\"has-text-align-center\" data-align=\"center\">Center Cards<\/td><\/tr><tr><td class=\"has-text-align-center\" data-align=\"center\">15h<\/td><td>DESFILE ROUPAS<\/td><td class=\"has-text-align-center\" data-align=\"center\">WM<\/td><\/tr><tr><td class=\"has-text-align-center\" data-align=\"center\">16h<\/td><td>DESFILE ACESS\u00d3RIOS<\/td><td class=\"has-text-align-center\" data-align=\"center\">WM<\/td><\/tr><tr><td class=\"has-text-align-center\" data-align=\"center\">17h<\/td><td>OFICINA DE CUSTOMIZA\u00c7\u00c3O DE ROUPAS DE BONECA<\/td><td class=\"has-text-align-center\" data-align=\"center\">Pandoca<\/td><\/tr><tr><td class=\"has-text-align-center\" data-align=\"center\">19h<\/td><td>APRESENTA\u00c7\u00c3O DE BALLET<\/td><td class=\"has-text-align-center\" data-align=\"center\">Ballet Vanessa Oliveira<\/td><\/tr><\/tbody><\/table><\/figure>\n\n\n\n<p><strong>Fonte: Prefeitura de Jundia\u00ed<\/strong><br><strong>Fotos: Fot\u00f3grafo PMJ<\/strong><\/p>\n","protected":false},"excerpt":{"rendered":"<p>As atra\u00e7\u00f5es ocorrem nos dias 13, 14 e 15 de mar\u00e7o, no Parque Comendador Ant\u00f4nio Carbonari, o Parque da Uva, em Jundia\u00ed<\/p>\n","protected":false},"author":24,"featured_media":135010,"comment_status":"closed","ping_status":"0","sticky":false,"template":"","format":"standard","meta":{"footnotes":""},"categories":[29,8362,8429,8356,8354,1],"tags":[],"class_list":["post-135009","post","type-post","status-publish","format-standard","has-post-thumbnail","hentry","category-destaque","category-empreendedorismo","category-eventos","category-jundiai","category-lazer","category-noticias"],"_links":{"self":[{"href":"https:\/\/tvtecjundiai.com.br\/news\/wp-json\/wp\/v2\/posts\/135009","targetHints":{"allow":["GET"]}}],"collection":[{"href":"https:\/\/tvtecjundiai.com.br\/news\/wp-json\/wp\/v2\/posts"}],"about":[{"href":"https:\/\/tvtecjundiai.com.br\/news\/wp-json\/wp\/v2\/types\/post"}],"author":[{"embeddable":true,"href":"https:\/\/tvtecjundiai.com.br\/news\/wp-json\/wp\/v2\/users\/24"}],"replies":[{"embeddable":true,"href":"https:\/\/tvtecjundiai.com.br\/news\/wp-json\/wp\/v2\/comments?post=135009"}],"version-history":[{"count":2,"href":"https:\/\/tvtecjundiai.com.br\/news\/wp-json\/wp\/v2\/posts\/135009\/revisions"}],"predecessor-version":[{"id":135044,"href":"https:\/\/tvtecjundiai.com.br\/news\/wp-json\/wp\/v2\/posts\/135009\/revisions\/135044"}],"wp:featuredmedia":[{"embeddable":true,"href":"https:\/\/tvtecjundiai.com.br\/news\/wp-json\/wp\/v2\/media\/135010"}],"wp:attachment":[{"href":"https:\/\/tvtecjundiai.com.br\/news\/wp-json\/wp\/v2\/media?parent=135009"}],"wp:term":[{"taxonomy":"category","embeddable":true,"href":"https:\/\/tvtecjundiai.com.br\/news\/wp-json\/wp\/v2\/categories?post=135009"},{"taxonomy":"post_tag","embeddable":true,"href":"https:\/\/tvtecjundiai.com.br\/news\/wp-json\/wp\/v2\/tags?post=135009"}],"curies":[{"name":"wp","href":"https:\/\/api.w.org\/{rel}","templated":true}]}}