{"id":135012,"date":"2026-03-12T14:30:16","date_gmt":"2026-03-12T17:30:16","guid":{"rendered":"https:\/\/tvtecjundiai.com.br\/news\/?p=135012"},"modified":"2026-03-12T14:30:16","modified_gmt":"2026-03-12T17:30:16","slug":"exposicao-equilibrio-em-movimento-transforma-o-instante-do-esporte-em-fotografia-no-centro-das-artes","status":"publish","type":"post","link":"https:\/\/tvtecjundiai.com.br\/news\/2026\/03\/12\/exposicao-equilibrio-em-movimento-transforma-o-instante-do-esporte-em-fotografia-no-centro-das-artes\/","title":{"rendered":"Exposi\u00e7\u00e3o \u2018Equil\u00edbrio em Movimento\u2019 transforma o instante do esporte em fotografia no Centro das Artes"},"content":{"rendered":"\n<p>A exposi\u00e7\u00e3o \u201cEquil\u00edbrio em Movimento\u201d, do fot\u00f3grafo jundiaiense Murilo Alves, est\u00e1 em cartaz na Galeria Olga de Brito, no Centro das Artes, em Jundia\u00ed, at\u00e9 o dia 18 de mar\u00e7o. A mostra re\u00fane imagens que capturam instantes do esporte, como um arremesso no basquete ou a curva de uma moto, revelando detalhes que passam despercebidos a olho nu.<\/p>\n\n\n\n<figure class=\"wp-block-image\"><a class=\"fancybox image\" href=\"https:\/\/jundiai.sp.gov.br\/noticias\/wp-content\/uploads\/sites\/32\/2026\/03\/img_20260304_141829-jpg-1280x718.jpeg\"><img decoding=\"async\" src=\"https:\/\/jundiai.sp.gov.br\/noticias\/wp-content\/uploads\/sites\/32\/2026\/03\/img_20260304_141829-jpg-1280x718.jpeg\" alt=\"\" class=\"wp-image-375548\" \/><\/a><figcaption class=\"wp-element-caption\">Exposi\u00e7\u00e3o \u201cEquil\u00edbrio em Movimento\u201d re\u00fane registros esportivos de Murilo Alves<\/figcaption><\/figure>\n\n\n\n<p>Murilo explica que Equil\u00edbrio em Movimento \u00e9 o esporte congelado: \u201cAs fotografias trazem essa vis\u00e3o de observar o esporte com calma, admirar o momento que passa t\u00e3o r\u00e1pido\u201d. O interesse pelos registros esportivos come\u00e7ou como hobby, fotografando amigos em jogos de basquete. Entre as modalidades que mais gosta de registrar est\u00e3o o basquete e o motocross.<\/p>\n\n\n\n<p>A ideia da exposi\u00e7\u00e3o surgiu a partir de uma sugest\u00e3o de sua companheira, que o incentivou a reunir os registros e montar a primeira mostra. \u201cRealizar uma exposi\u00e7\u00e3o na cidade em que nasci e cresci \u00e9 muito especial\u201d, afirma Murilo. Grande parte das obras foi registrada em espa\u00e7os p\u00fablicos de Jundia\u00ed, com moradores locais. \u201cA pessoa vai reconhecer o lugar, a quadra e gerar essa conex\u00e3o\u201d. Assim, a exposi\u00e7\u00e3o transforma momentos do esporte em imagens que tamb\u00e9m retratam o cotidiano da cidade.<\/p>\n\n\n\n<figure class=\"wp-block-image\"><a class=\"fancybox image\" href=\"https:\/\/jundiai.sp.gov.br\/noticias\/wp-content\/uploads\/sites\/32\/2026\/03\/img_20260304_141845-jpg-1280x720.jpeg\"><img decoding=\"async\" src=\"https:\/\/jundiai.sp.gov.br\/noticias\/wp-content\/uploads\/sites\/32\/2026\/03\/img_20260304_141845-jpg-1280x720.jpeg\" alt=\"\" class=\"wp-image-375549\" \/><\/a><figcaption class=\"wp-element-caption\">Fotografias transformam movimentos do esporte em arte no Centro das Artes<\/figcaption><\/figure>\n\n\n\n<p><strong>Outras exposi\u00e7\u00f5es<\/strong><br>A exposi\u00e7\u00e3o \u201cPreta Eu\u201d, em cartaz na Biblioteca Municipal Prof. Nelson Foot at\u00e9 30 de mar\u00e7o, celebra os 10 anos do coletivo Preta Eu e destaca a for\u00e7a, a mem\u00f3ria e a identidade da mulher negra. A mostra re\u00fane pe\u00e7as produzidas pelas integrantes e obras do acervo do grupo que dialogam com a ancestralidade africana e com a hist\u00f3ria das mulheres pretas.<\/p>\n\n\n\n<figure class=\"wp-block-image\"><a class=\"fancybox image\" href=\"https:\/\/jundiai.sp.gov.br\/noticias\/wp-content\/uploads\/sites\/32\/2026\/03\/dsj_0048-jpg-1280x854.jpeg\"><img decoding=\"async\" src=\"https:\/\/jundiai.sp.gov.br\/noticias\/wp-content\/uploads\/sites\/32\/2026\/03\/dsj_0048-jpg-1280x854.jpeg\" alt=\"\" class=\"wp-image-375512\" \/><\/a><figcaption class=\"wp-element-caption\">Exposi\u00e7\u00e3o re\u00fane pe\u00e7as e hist\u00f3rias de transforma\u00e7\u00e3o que marcam a trajet\u00f3ria do coletivo Preta Eu<\/figcaption><\/figure>\n\n\n\n<p><strong>Fonte: Prefeitura de Jundia\u00ed<br>Fotos: Fot\u00f3grafos PMJ<\/strong><\/p>\n","protected":false},"excerpt":{"rendered":"<p>Obras est\u00e3o em cartaz na Galeria Olga de Brito, no Centro das Artes, em Jundia\u00ed, at\u00e9 o dia 18 de mar\u00e7o<\/p>\n","protected":false},"author":24,"featured_media":135013,"comment_status":"closed","ping_status":"0","sticky":false,"template":"","format":"standard","meta":{"footnotes":""},"categories":[2833,29,2827,8356,1],"tags":[],"class_list":["post-135012","post","type-post","status-publish","format-standard","has-post-thumbnail","hentry","category-cultura","category-destaque","category-esportes-e-lazer","category-jundiai","category-noticias"],"_links":{"self":[{"href":"https:\/\/tvtecjundiai.com.br\/news\/wp-json\/wp\/v2\/posts\/135012","targetHints":{"allow":["GET"]}}],"collection":[{"href":"https:\/\/tvtecjundiai.com.br\/news\/wp-json\/wp\/v2\/posts"}],"about":[{"href":"https:\/\/tvtecjundiai.com.br\/news\/wp-json\/wp\/v2\/types\/post"}],"author":[{"embeddable":true,"href":"https:\/\/tvtecjundiai.com.br\/news\/wp-json\/wp\/v2\/users\/24"}],"replies":[{"embeddable":true,"href":"https:\/\/tvtecjundiai.com.br\/news\/wp-json\/wp\/v2\/comments?post=135012"}],"version-history":[{"count":1,"href":"https:\/\/tvtecjundiai.com.br\/news\/wp-json\/wp\/v2\/posts\/135012\/revisions"}],"predecessor-version":[{"id":135014,"href":"https:\/\/tvtecjundiai.com.br\/news\/wp-json\/wp\/v2\/posts\/135012\/revisions\/135014"}],"wp:featuredmedia":[{"embeddable":true,"href":"https:\/\/tvtecjundiai.com.br\/news\/wp-json\/wp\/v2\/media\/135013"}],"wp:attachment":[{"href":"https:\/\/tvtecjundiai.com.br\/news\/wp-json\/wp\/v2\/media?parent=135012"}],"wp:term":[{"taxonomy":"category","embeddable":true,"href":"https:\/\/tvtecjundiai.com.br\/news\/wp-json\/wp\/v2\/categories?post=135012"},{"taxonomy":"post_tag","embeddable":true,"href":"https:\/\/tvtecjundiai.com.br\/news\/wp-json\/wp\/v2\/tags?post=135012"}],"curies":[{"name":"wp","href":"https:\/\/api.w.org\/{rel}","templated":true}]}}