{"id":135018,"date":"2026-03-12T15:54:31","date_gmt":"2026-03-12T18:54:31","guid":{"rendered":"https:\/\/tvtecjundiai.com.br\/news\/?p=135018"},"modified":"2026-03-12T15:54:31","modified_gmt":"2026-03-12T18:54:31","slug":"obra-de-machado-de-assis-e-tema-de-apresentacao-que-une-literatura-e-musica-no-sesc-jundiai-sabado-14","status":"publish","type":"post","link":"https:\/\/tvtecjundiai.com.br\/news\/2026\/03\/12\/obra-de-machado-de-assis-e-tema-de-apresentacao-que-une-literatura-e-musica-no-sesc-jundiai-sabado-14\/","title":{"rendered":"Obra de Machado de Assis \u00e9 tema de apresenta\u00e7\u00e3o que une literatura e m\u00fasica\u00a0no Sesc Jundia\u00ed s\u00e1bado (14)"},"content":{"rendered":"\n<p><em>Jean Garfunkel, Pratinha Saraiva e Bruno Menegatti promovem uma imers\u00e3o\u00a0sobre &#8216;O Bruxo do Cosme Velho&#8217;<\/em><\/p>\n\n\n\n<p><strong>&#8220;<\/strong>O Bruxo do Cosme Velho<strong>\u201d<\/strong>, inspirado na obra de&nbsp;Machado de Assis, ser\u00e1 retratado em um&nbsp;show literomusical&nbsp;produzido pelo&nbsp;Canto Livro&nbsp;neste s\u00e1bado, dia&nbsp;14, na \u00c1rea de Conviv\u00eancia do&nbsp;Sesc Jundia\u00ed. A&nbsp;entrada \u00e9 gratuita.&nbsp;<\/p>\n\n\n\n<p>Desse caldeir\u00e3o liter\u00e1rio, sair\u00e1 o conto Hist\u00f3ria Comum, poemas e trechos de Dom Casmurro e o Alienista e a fina ironia p\u00f3stuma de Br\u00e1s Cubas. Tudo isso temperado com can\u00e7\u00f5es da \u00e9poca, algumas com letras de autoria do pr\u00f3prio Machado de Assis, interpretadas por&nbsp;Jean Garfunkel&nbsp;(viol\u00e3o e voz),&nbsp;Bruno Menegatti&nbsp;(rabecas) e&nbsp;Pratinha Saraiva&nbsp;(flauta e bandolim).&nbsp;<\/p>\n\n\n\n<p>&nbsp;A estrat\u00e9gia do Canto Livro como ferramenta de incentivo \u00e0 leitura \u00e9 a de sensibilizar o p\u00fablico, atrav\u00e9s da oralidade do texto de grandes autores, como Machado de Assis, conversando com outra linguagem como a can\u00e7\u00e3o popular. \u201c\u00c9 um espet\u00e1culo onde o texto do grande autor \u00e9 falado de cor e conversa com can\u00e7\u00f5es que t\u00eam a ver com a mesma tem\u00e1tica. Essa conflu\u00eancia das linguagens sensibiliza para a escuta e, sensibilizando para a escuta, a gente leva o ouvinte ou o espectador ao livro, ou seja, n\u00f3s tiramos o livro da estante e o livro vai para o palco\u201d, detalha Jean Garfunkel.<\/p>\n\n\n\n<figure class=\"wp-block-image size-full is-resized\"><img decoding=\"async\" src=\"https:\/\/tvtecjundiai.com.br\/news\/wp-content\/uploads\/sites\/2\/2026\/03\/Jean-Garfunkel.jpeg\" alt=\"\" class=\"wp-image-135019\" style=\"aspect-ratio:1.3499397348332665;width:510px;height:auto\" \/><\/figure>\n\n\n\n<p><em>Jean Garfunkel, coordenador do projeto Canto Livro (foto: divulga\u00e7\u00e3o)<\/em><\/p>\n\n\n\n<p>Ele explica que o interessante no caso de Machado de Assis, al\u00e9m da grandiosidade de sua obra, \u00e9 que h\u00e1 textos mais curtos que funcionam muito bem dentro de uma din\u00e2mica de um show, de um espet\u00e1culo literomusical. \u201cE o Machado, por ser muito ecl\u00e9tico, al\u00e9m de poemas, tamb\u00e9m fez as letras de can\u00e7\u00e3o e tudo isso n\u00f3s retratamos no show \u2018O Bruxo do Cosme Velho\u2019. Ele \u00e9 um autor fant\u00e1stico que as pessoas \u00e0s vezes ficam distanciadas porque ele j\u00e1 virou t\u00e3o medalh\u00e3o. H\u00e1 quem diga que j\u00e1 ouviu falar, mas n\u00e3o aprofunda, n\u00e3o desfruta, n\u00e3o flui a maravilha que \u00e9 a obra dele\u201d, declara.<\/p>\n\n\n\n<p>Para Garfunkel, a ironia do Machado, a vis\u00e3o dele de mundo, saca\u00e7\u00e3o psicol\u00f3gica dele antes do Sigmund Freud \u00e9 muito legal. \u201cEle \u00e9 considerado um dos maiores escritores de todos os tempos, por um dos maiores cr\u00edticos liter\u00e1rios do mundo, o Harold Bloom. O Machado \u00e9 comparado ao franc\u00eas Gustave Flaubert, ao russo Fy\u00f3dor Dostoi\u00e9vski e \u00e9 nosso. Escreve em portugu\u00eas, num estilo maravilhoso. &nbsp;Quando o Canto Livro leva o Machado para o palco, nossa ideia \u00e9 a de trazer o Machado mais pr\u00f3ximos das pessoas. Vamos curtir, vamos viajar, vamos mergulhar num g\u00eanio da nossa literatura e num g\u00eanio brasileiro. Viva o Machado de Assis!\u201d, celebra Garfunkel.<\/p>\n\n\n\n<p><strong>Canto Livro<\/strong><\/p>\n\n\n\n<p>O projeto&nbsp;Canto Livro de m\u00fasica e literatura&nbsp;consiste em apresenta\u00e7\u00f5es tem\u00e1ticas, com principal enfoque em autores brasileiros, onde a narrativa dos textos \u00e9 permeada por can\u00e7\u00f5es afinadas com a tem\u00e1tica do autor em quest\u00e3o.&nbsp;Canto Livro&nbsp;\u00e9 um projeto de sensibiliza\u00e7\u00e3o e incentivo \u00e0 leitura, que visa atender a amantes da literatura, estudantes, educadores e leitores em geral.<\/p>\n\n\n\n<p><strong>Forma\u00e7\u00e3o<\/strong><\/p>\n\n\n\n<p><strong><em>Jean Garfunkel<\/em><\/strong>&nbsp;\u00e9 poeta, ator, cantor e compositor. Tem 4 discos lan\u00e7ados em dupla com seu irm\u00e3o e parceiro Paulo Garfunkel, 2 CDs solo e m\u00fasicas gravadas por vozes importantes da MPB como Elis Regina, Maria Rita, Margareth Menezes, Zizi Possi, Renato Braz, Pena Branca e Xavantinho. Como letrista trabalhou com parceiros ilustres como: L\u00e9a Freire, Siz\u00e3o Machado, Mozart Terra, maestro Moacir Santos, maestro J\u00falio Medaglia e o violonista Yamand\u00fa Costa.&nbsp;<\/p>\n\n\n\n<p><strong><em>Pratinha Saraiva<\/em><\/strong>&nbsp;\u00e9 flautista e bandolinista, participou do programa \u201cSom Brasil\u201d, acompanhando artistas como \u00c2ngela Maria, Jamel\u00e3o, Renato Teixeira, Inezita Barroso. Atuou ao lado de grandes instrumentistas em shows pelo Brasil e exterior. Participou como solista de v\u00e1rias faixas do CD \u201cAcerto de Contas\u201d que registrou a obra Paulo Vanzolini, em faixas com Chico Buarque, Elton Medeiros, Paulinho da Viola.<\/p>\n\n\n\n<p><strong><em>Bruno Menegatti<\/em><\/strong>&nbsp;\u00e9 m\u00fasico, pesquisador e educador musical. Desde 2005 desenvolve investiga\u00e7\u00e3o sobre as Rabecas brasileiras. Mestre em m\u00fasica pela USP, realizou pesquisa sobre as Bandas de P\u00edfanos da Bahia (2012). Integra o 2 Calangos, Imbira Duo, Arrebol \u2013 Forr\u00f3 de Rabeca, Duo de Rabecas. Possui trabalhos gravados com Vintena Brasileira, Ser T\u00e3o Trio, Zaca de Oliveira, Quinteto Aralume e Riccardo Dutra, Rodrigo Vellozo, Gustavo Sarzi (2 Calangos) e F\u00e1bio Manzione (Bach \u00e0 brasileira) al\u00e9m de participa\u00e7\u00f5es nos trabalhos de diversos artistas.&nbsp;<\/p>\n\n\n\n<p><strong>Servi\u00e7o:<\/strong> <strong>Machado de Assis \u2013 O Bruxo do Cosme Velho<\/strong><br><strong>Data:<\/strong>\u00a014 de mar\u00e7o de 2026<br><strong>Hor\u00e1rio:<\/strong>\u00a017h30\u00a0<br><strong>Local:<\/strong>\u00a0\u00c1rea de Conviv\u00eancia do Sesc Jundia\u00ed\u00a0<br><strong>Endere\u00e7o:<\/strong>\u00a0Av. Ant\u00f4nio Frederico Ozanan, 6600\u00a0<br><strong>Entrada gratuita\u00a0<\/strong><br><br><strong><em>Fonte: EBF Comunica\u00e7\u00e3o<\/em><\/strong><\/p>\n","protected":false},"excerpt":{"rendered":"<p>Jean Garfunkel, Pratinha Saraiva e Bruno Menegatti promovem uma imers\u00e3o\u00a0sobre &#8216;O Bruxo do Cosme Velho&#8217; &#8220;O Bruxo do Cosme Velho\u201d, inspirado na obra de&nbsp;Machado de Assis, ser\u00e1 retratado em um&nbsp;show literomusical&nbsp;produzido pelo&nbsp;Canto Livro&nbsp;neste s\u00e1bado, dia&nbsp;14, na \u00c1rea de Conviv\u00eancia do&nbsp;Sesc Jundia\u00ed. A&nbsp;entrada \u00e9 gratuita.&nbsp; Desse caldeir\u00e3o liter\u00e1rio, sair\u00e1 o conto Hist\u00f3ria Comum, poemas e trechos [&hellip;]<\/p>\n","protected":false},"author":24,"featured_media":135019,"comment_status":"closed","ping_status":"0","sticky":false,"template":"","format":"standard","meta":{"footnotes":""},"categories":[29],"tags":[],"class_list":["post-135018","post","type-post","status-publish","format-standard","has-post-thumbnail","hentry","category-destaque"],"_links":{"self":[{"href":"https:\/\/tvtecjundiai.com.br\/news\/wp-json\/wp\/v2\/posts\/135018","targetHints":{"allow":["GET"]}}],"collection":[{"href":"https:\/\/tvtecjundiai.com.br\/news\/wp-json\/wp\/v2\/posts"}],"about":[{"href":"https:\/\/tvtecjundiai.com.br\/news\/wp-json\/wp\/v2\/types\/post"}],"author":[{"embeddable":true,"href":"https:\/\/tvtecjundiai.com.br\/news\/wp-json\/wp\/v2\/users\/24"}],"replies":[{"embeddable":true,"href":"https:\/\/tvtecjundiai.com.br\/news\/wp-json\/wp\/v2\/comments?post=135018"}],"version-history":[{"count":1,"href":"https:\/\/tvtecjundiai.com.br\/news\/wp-json\/wp\/v2\/posts\/135018\/revisions"}],"predecessor-version":[{"id":135020,"href":"https:\/\/tvtecjundiai.com.br\/news\/wp-json\/wp\/v2\/posts\/135018\/revisions\/135020"}],"wp:featuredmedia":[{"embeddable":true,"href":"https:\/\/tvtecjundiai.com.br\/news\/wp-json\/wp\/v2\/media\/135019"}],"wp:attachment":[{"href":"https:\/\/tvtecjundiai.com.br\/news\/wp-json\/wp\/v2\/media?parent=135018"}],"wp:term":[{"taxonomy":"category","embeddable":true,"href":"https:\/\/tvtecjundiai.com.br\/news\/wp-json\/wp\/v2\/categories?post=135018"},{"taxonomy":"post_tag","embeddable":true,"href":"https:\/\/tvtecjundiai.com.br\/news\/wp-json\/wp\/v2\/tags?post=135018"}],"curies":[{"name":"wp","href":"https:\/\/api.w.org\/{rel}","templated":true}]}}