{"id":135031,"date":"2026-03-13T14:47:38","date_gmt":"2026-03-13T17:47:38","guid":{"rendered":"https:\/\/tvtecjundiai.com.br\/news\/?p=135031"},"modified":"2026-03-13T14:47:38","modified_gmt":"2026-03-13T17:47:38","slug":"fens-tera-acoes-especiais-para-pets-e-seus-tutores-neste-sabado-14","status":"publish","type":"post","link":"https:\/\/tvtecjundiai.com.br\/news\/2026\/03\/13\/fens-tera-acoes-especiais-para-pets-e-seus-tutores-neste-sabado-14\/","title":{"rendered":"FENS ter\u00e1 a\u00e7\u00f5es especiais para pets e seus tutores neste s\u00e1bado (14)"},"content":{"rendered":"\n<p>A Feira do Empreendedor, Neg\u00f3cios e Servi\u00e7os (FENS) \u00e9 pet friendly e preparou uma programa\u00e7\u00e3o especial dedicada aos pets e seus tutores. As atividades ocorrem neste s\u00e1bado (14), no Espa\u00e7o PET, dentro do Parque Comendador Ant\u00f4nio Carbonari, o Parque da Uva.<\/p>\n\n\n\n<p>A programa\u00e7\u00e3o come\u00e7a \u00e0s 11h, com a Feira de Ado\u00e7\u00e3o PET, organizada pela Pracinha dos Dog\u2019s, que levar\u00e1 c\u00e3es e gatos dispon\u00edveis para ado\u00e7\u00e3o respons\u00e1vel. A iniciativa busca incentivar a ado\u00e7\u00e3o consciente e oferecer uma nova oportunidade para animais que aguardam por um lar.<\/p>\n\n\n\n<figure class=\"wp-block-image\"><a class=\"fancybox image\" href=\"https:\/\/jundiai.sp.gov.br\/noticias\/wp-content\/uploads\/sites\/32\/2026\/03\/55138047248_89233bd82b_o-1280x853.jpg\"><img decoding=\"async\" src=\"https:\/\/jundiai.sp.gov.br\/noticias\/wp-content\/uploads\/sites\/32\/2026\/03\/55138047248_89233bd82b_o-1280x853.jpg\" alt=\"\" class=\"wp-image-375709\" \/><\/a><\/figure>\n\n\n\n<p>J\u00e1 \u00e0s 15h, a popula\u00e7\u00e3o poder\u00e1 participar do Desfile PET, uma atividade aberta ao p\u00fablico em que os tutores podem levar seus animais para desfilar gratuitamente. Al\u00e9m de um momento de divers\u00e3o e intera\u00e7\u00e3o, os participantes tamb\u00e9m ter\u00e3o a chance de receber brindes pela participa\u00e7\u00e3o de seus pets no evento.<\/p>\n\n\n\n<p>A programa\u00e7\u00e3o segue \u00e0s 16h, com a Oficina de Customiza\u00e7\u00e3o de Bebedouros, promovida pela cl\u00ednica veterin\u00e1ria Clinic\u00e3o e Gato, que ensinar\u00e1 formas criativas de personalizar recipientes para \u00e1gua dos animais.<\/p>\n\n\n\n<p>Encerrando as atividades do palco interno no s\u00e1bado, \u00e0s 17h, o p\u00fablico poder\u00e1 acompanhar um Show de M\u00e1gica, garantindo entretenimento para crian\u00e7as e fam\u00edlias que visitarem a feira.<\/p>\n\n\n\n<p><strong>Fonte: Prefeitura de Jundia\u00ed<br>Fotos: Fot\u00f3grafos PMJ<\/strong><\/p>\n","protected":false},"excerpt":{"rendered":"<p>Programa\u00e7\u00e3o especial vai das  11h \u00e0s 17h<\/p>\n","protected":false},"author":24,"featured_media":135032,"comment_status":"closed","ping_status":"0","sticky":false,"template":"","format":"standard","meta":{"footnotes":""},"categories":[29,8362,8429,8356],"tags":[],"class_list":["post-135031","post","type-post","status-publish","format-standard","has-post-thumbnail","hentry","category-destaque","category-empreendedorismo","category-eventos","category-jundiai"],"_links":{"self":[{"href":"https:\/\/tvtecjundiai.com.br\/news\/wp-json\/wp\/v2\/posts\/135031","targetHints":{"allow":["GET"]}}],"collection":[{"href":"https:\/\/tvtecjundiai.com.br\/news\/wp-json\/wp\/v2\/posts"}],"about":[{"href":"https:\/\/tvtecjundiai.com.br\/news\/wp-json\/wp\/v2\/types\/post"}],"author":[{"embeddable":true,"href":"https:\/\/tvtecjundiai.com.br\/news\/wp-json\/wp\/v2\/users\/24"}],"replies":[{"embeddable":true,"href":"https:\/\/tvtecjundiai.com.br\/news\/wp-json\/wp\/v2\/comments?post=135031"}],"version-history":[{"count":1,"href":"https:\/\/tvtecjundiai.com.br\/news\/wp-json\/wp\/v2\/posts\/135031\/revisions"}],"predecessor-version":[{"id":135034,"href":"https:\/\/tvtecjundiai.com.br\/news\/wp-json\/wp\/v2\/posts\/135031\/revisions\/135034"}],"wp:featuredmedia":[{"embeddable":true,"href":"https:\/\/tvtecjundiai.com.br\/news\/wp-json\/wp\/v2\/media\/135032"}],"wp:attachment":[{"href":"https:\/\/tvtecjundiai.com.br\/news\/wp-json\/wp\/v2\/media?parent=135031"}],"wp:term":[{"taxonomy":"category","embeddable":true,"href":"https:\/\/tvtecjundiai.com.br\/news\/wp-json\/wp\/v2\/categories?post=135031"},{"taxonomy":"post_tag","embeddable":true,"href":"https:\/\/tvtecjundiai.com.br\/news\/wp-json\/wp\/v2\/tags?post=135031"}],"curies":[{"name":"wp","href":"https:\/\/api.w.org\/{rel}","templated":true}]}}