{"id":135045,"date":"2026-03-14T13:23:51","date_gmt":"2026-03-14T16:23:51","guid":{"rendered":"https:\/\/tvtecjundiai.com.br\/news\/?p=135045"},"modified":"2026-03-14T13:23:51","modified_gmt":"2026-03-14T16:23:51","slug":"praca-de-alimentacao-da-fens-reune-diversidade-gastronomica-para-todos-os-publicos","status":"publish","type":"post","link":"https:\/\/tvtecjundiai.com.br\/news\/2026\/03\/14\/praca-de-alimentacao-da-fens-reune-diversidade-gastronomica-para-todos-os-publicos\/","title":{"rendered":"Pra\u00e7a de alimenta\u00e7\u00e3o da FENS re\u00fane diversidade gastron\u00f4mica para todos os p\u00fablicos"},"content":{"rendered":"\n<p>Al\u00e9m das oportunidades de neg\u00f3cios e das atra\u00e7\u00f5es culturais, a Feira do Empreendedor, Neg\u00f3cios e Servi\u00e7os (FENS) tamb\u00e9m promete conquistar o p\u00fablico pelo paladar. A pra\u00e7a de alimenta\u00e7\u00e3o do evento reunir\u00e1 uma variedade de op\u00e7\u00f5es gastron\u00f4micas, pensadas para agradar diferentes gostos e proporcionar uma experi\u00eancia completa para quem visita a feira.<\/p>\n\n\n\n<figure class=\"wp-block-image size-large is-resized\"><img loading=\"lazy\" decoding=\"async\" width=\"1200\" height=\"801\" src=\"https:\/\/tvtecjundiai.com.br\/news\/wp-content\/uploads\/sites\/2\/2026\/03\/fens_comidas-12-1200x801.jpg\" alt=\"\" class=\"wp-image-135046\" style=\"aspect-ratio:1.4981607401627466;width:706px;height:auto\" srcset=\"https:\/\/tvtecjundiai.com.br\/news\/wp-content\/uploads\/sites\/2\/2026\/03\/fens_comidas-12-1200x801.jpg 1200w, https:\/\/tvtecjundiai.com.br\/news\/wp-content\/uploads\/sites\/2\/2026\/03\/fens_comidas-12-300x200.jpg 300w, https:\/\/tvtecjundiai.com.br\/news\/wp-content\/uploads\/sites\/2\/2026\/03\/fens_comidas-12-768x512.jpg 768w, https:\/\/tvtecjundiai.com.br\/news\/wp-content\/uploads\/sites\/2\/2026\/03\/fens_comidas-12.jpg 1280w\" sizes=\"auto, (max-width: 1200px) 100vw, 1200px\" \/><\/figure>\n\n\n\n<p><strong>CONFIRA A PROGRAMA\u00c7\u00c3O COMPLETA NO SITE \u2013\u00a0<a href=\"https:\/\/jundiai.sp.gov.br\/fens\/#programacao\" target=\"_blank\" rel=\"noreferrer noopener\">CLIQUE AQUI<\/a><\/strong><\/p>\n\n\n\n<p>Entre os destaques est\u00e3o hamb\u00fargueres artesanais, massas caseiras, batata frita, cachorro-quente, espetos de churrasco, crepes e diversas op\u00e7\u00f5es de bebidas, como cerveja e chope. J\u00e1 para quem n\u00e3o abre m\u00e3o de um doce, o espa\u00e7o contar\u00e1 com churros, sorvetes e outras sobremesas, garantindo op\u00e7\u00f5es para todas as idades.<\/p>\n\n\n\n<figure class=\"wp-block-image size-large\"><img loading=\"lazy\" decoding=\"async\" width=\"1200\" height=\"801\" src=\"https:\/\/tvtecjundiai.com.br\/news\/wp-content\/uploads\/sites\/2\/2026\/03\/fens_comidas-4-1200x801.jpg\" alt=\"\" class=\"wp-image-135047\" srcset=\"https:\/\/tvtecjundiai.com.br\/news\/wp-content\/uploads\/sites\/2\/2026\/03\/fens_comidas-4-1200x801.jpg 1200w, https:\/\/tvtecjundiai.com.br\/news\/wp-content\/uploads\/sites\/2\/2026\/03\/fens_comidas-4-300x200.jpg 300w, https:\/\/tvtecjundiai.com.br\/news\/wp-content\/uploads\/sites\/2\/2026\/03\/fens_comidas-4-768x512.jpg 768w, https:\/\/tvtecjundiai.com.br\/news\/wp-content\/uploads\/sites\/2\/2026\/03\/fens_comidas-4.jpg 1280w\" sizes=\"auto, (max-width: 1200px) 100vw, 1200px\" \/><\/figure>\n\n\n\n<p>A proposta \u00e9 oferecer um ambiente acolhedor, onde os visitantes possam fazer uma pausa para saborear pratos variados enquanto aproveitam a programa\u00e7\u00e3o da feira.<\/p>\n\n\n\n<p>O segundo fim de semana da FENS ocorre nos dias 13, 14 e 15 de mar\u00e7o. \u00c0s sextas-feiras, o evento ocorre das 12h \u00e0s 22h; aos s\u00e1bados, das 10h \u00e0s 22h; e aos domingos, das 10h \u00e0s 20h. A entrada e o estacionamento s\u00e3o gratuitos.<\/p>\n","protected":false},"excerpt":{"rendered":"<p>Al\u00e9m das oportunidades de neg\u00f3cios e das atra\u00e7\u00f5es culturais, a Feira do Empreendedor, Neg\u00f3cios e Servi\u00e7os (FENS) tamb\u00e9m promete conquistar o p\u00fablico pelo paladar<\/p>\n","protected":false},"author":24,"featured_media":135048,"comment_status":"closed","ping_status":"0","sticky":false,"template":"","format":"standard","meta":{"footnotes":""},"categories":[29,6309],"tags":[],"class_list":["post-135045","post","type-post","status-publish","format-standard","has-post-thumbnail","hentry","category-destaque","category-gastronomia"],"_links":{"self":[{"href":"https:\/\/tvtecjundiai.com.br\/news\/wp-json\/wp\/v2\/posts\/135045","targetHints":{"allow":["GET"]}}],"collection":[{"href":"https:\/\/tvtecjundiai.com.br\/news\/wp-json\/wp\/v2\/posts"}],"about":[{"href":"https:\/\/tvtecjundiai.com.br\/news\/wp-json\/wp\/v2\/types\/post"}],"author":[{"embeddable":true,"href":"https:\/\/tvtecjundiai.com.br\/news\/wp-json\/wp\/v2\/users\/24"}],"replies":[{"embeddable":true,"href":"https:\/\/tvtecjundiai.com.br\/news\/wp-json\/wp\/v2\/comments?post=135045"}],"version-history":[{"count":1,"href":"https:\/\/tvtecjundiai.com.br\/news\/wp-json\/wp\/v2\/posts\/135045\/revisions"}],"predecessor-version":[{"id":135049,"href":"https:\/\/tvtecjundiai.com.br\/news\/wp-json\/wp\/v2\/posts\/135045\/revisions\/135049"}],"wp:featuredmedia":[{"embeddable":true,"href":"https:\/\/tvtecjundiai.com.br\/news\/wp-json\/wp\/v2\/media\/135048"}],"wp:attachment":[{"href":"https:\/\/tvtecjundiai.com.br\/news\/wp-json\/wp\/v2\/media?parent=135045"}],"wp:term":[{"taxonomy":"category","embeddable":true,"href":"https:\/\/tvtecjundiai.com.br\/news\/wp-json\/wp\/v2\/categories?post=135045"},{"taxonomy":"post_tag","embeddable":true,"href":"https:\/\/tvtecjundiai.com.br\/news\/wp-json\/wp\/v2\/tags?post=135045"}],"curies":[{"name":"wp","href":"https:\/\/api.w.org\/{rel}","templated":true}]}}