{"id":135065,"date":"2026-03-15T10:53:49","date_gmt":"2026-03-15T13:53:49","guid":{"rendered":"https:\/\/tvtecjundiai.com.br\/news\/?p=135065"},"modified":"2026-03-15T14:12:26","modified_gmt":"2026-03-15T17:12:26","slug":"aviao-derrapa-durante-pouso-e-sai-da-pista-no-aeroporto-de-jundiai","status":"publish","type":"post","link":"https:\/\/tvtecjundiai.com.br\/news\/2026\/03\/15\/aviao-derrapa-durante-pouso-e-sai-da-pista-no-aeroporto-de-jundiai\/","title":{"rendered":"Avi\u00e3o derrapa durante pouso e sai da pista no Aeroporto de Jundia\u00ed"},"content":{"rendered":"\n<p>Uma aeronave de pequeno porte saiu da pista ap\u00f3s derrapar durante o pouso na manh\u00e3 deste domingo (15) no Aeroporto Estadual de Jundia\u00ed \u2013 Comandante Rolim Adolfo Amaro, em Jundia\u00ed. Apesar do susto, n\u00e3o houve registro de feridos.<\/p>\n\n\n\n<p>Segundo as primeiras informa\u00e7\u00f5es, o avi\u00e3o \u2014 identificado como PT-WIB, modelo Cessna Citation 550 \u2014 vinha de Bragan\u00e7a Paulista e enfrentou dificuldades no momento da aproxima\u00e7\u00e3o para pouso. Durante a manobra, a aeronave derrapou na pista e ultrapassou o limite na cabeceira localizada ao lado da avenida, atingindo um barranco pr\u00f3ximo \u00e0 entrada de ve\u00edculos de um hangar.<\/p>\n\n\n\n<figure class=\"wp-block-image size-large\"><img loading=\"lazy\" decoding=\"async\" width=\"1200\" height=\"561\" src=\"https:\/\/tvtecjundiai.com.br\/news\/wp-content\/uploads\/sites\/2\/2026\/03\/WhatsApp-Image-2026-03-15-at-10.50.59-1-1200x561.jpeg\" alt=\"\" class=\"wp-image-135067\" srcset=\"https:\/\/tvtecjundiai.com.br\/news\/wp-content\/uploads\/sites\/2\/2026\/03\/WhatsApp-Image-2026-03-15-at-10.50.59-1-1200x561.jpeg 1200w, https:\/\/tvtecjundiai.com.br\/news\/wp-content\/uploads\/sites\/2\/2026\/03\/WhatsApp-Image-2026-03-15-at-10.50.59-1-300x140.jpeg 300w, https:\/\/tvtecjundiai.com.br\/news\/wp-content\/uploads\/sites\/2\/2026\/03\/WhatsApp-Image-2026-03-15-at-10.50.59-1-768x359.jpeg 768w, https:\/\/tvtecjundiai.com.br\/news\/wp-content\/uploads\/sites\/2\/2026\/03\/WhatsApp-Image-2026-03-15-at-10.50.59-1.jpeg 1280w\" sizes=\"auto, (max-width: 1200px) 100vw, 1200px\" \/><\/figure>\n\n\n\n<p>O piloto conseguiu deixar a aeronave sem complica\u00e7\u00f5es e n\u00e3o sofreu ferimentos. Equipes de emerg\u00eancia do aeroporto foram acionadas e prestaram atendimento no local.<\/p>\n\n\n\n<p>De acordo com a concession\u00e1ria Rede Voa, respons\u00e1vel pela administra\u00e7\u00e3o do terminal, o Centro de Controle Operacional mobilizou bombeiros e determinou a interdi\u00e7\u00e3o tempor\u00e1ria da pista por medida de seguran\u00e7a.<\/p>\n\n\n\n<p>Os bombeiros trabalham no controle de um vazamento de combust\u00edvel registrado na aeronave. Mesmo com a ocorr\u00eancia, as opera\u00e7\u00f5es a\u00e9reas seguem dentro da normalidade.<\/p>\n\n\n\n<p>Investigadores do Centro de Investiga\u00e7\u00e3o e Preven\u00e7\u00e3o de Acidentes Aeron\u00e1uticos (CENIPA), por meio do SERIPA IV, j\u00e1 foram acionados e se deslocaram at\u00e9 o aeroporto para apurar as circunst\u00e2ncias do incidente.<\/p>\n\n\n\n<p>A ocorr\u00eancia segue em andamento.<\/p>\n","protected":false},"excerpt":{"rendered":"<p>O piloto conseguiu deixar a aeronave sem complica\u00e7\u00f5es e n\u00e3o sofreu ferimentos. Mesmo com a ocorr\u00eancia, as opera\u00e7\u00f5es a\u00e9reas seguem dentro da normalidade<\/p>\n","protected":false},"author":24,"featured_media":135066,"comment_status":"closed","ping_status":"0","sticky":false,"template":"","format":"standard","meta":{"footnotes":""},"categories":[29],"tags":[],"class_list":["post-135065","post","type-post","status-publish","format-standard","has-post-thumbnail","hentry","category-destaque"],"_links":{"self":[{"href":"https:\/\/tvtecjundiai.com.br\/news\/wp-json\/wp\/v2\/posts\/135065","targetHints":{"allow":["GET"]}}],"collection":[{"href":"https:\/\/tvtecjundiai.com.br\/news\/wp-json\/wp\/v2\/posts"}],"about":[{"href":"https:\/\/tvtecjundiai.com.br\/news\/wp-json\/wp\/v2\/types\/post"}],"author":[{"embeddable":true,"href":"https:\/\/tvtecjundiai.com.br\/news\/wp-json\/wp\/v2\/users\/24"}],"replies":[{"embeddable":true,"href":"https:\/\/tvtecjundiai.com.br\/news\/wp-json\/wp\/v2\/comments?post=135065"}],"version-history":[{"count":3,"href":"https:\/\/tvtecjundiai.com.br\/news\/wp-json\/wp\/v2\/posts\/135065\/revisions"}],"predecessor-version":[{"id":135073,"href":"https:\/\/tvtecjundiai.com.br\/news\/wp-json\/wp\/v2\/posts\/135065\/revisions\/135073"}],"wp:featuredmedia":[{"embeddable":true,"href":"https:\/\/tvtecjundiai.com.br\/news\/wp-json\/wp\/v2\/media\/135066"}],"wp:attachment":[{"href":"https:\/\/tvtecjundiai.com.br\/news\/wp-json\/wp\/v2\/media?parent=135065"}],"wp:term":[{"taxonomy":"category","embeddable":true,"href":"https:\/\/tvtecjundiai.com.br\/news\/wp-json\/wp\/v2\/categories?post=135065"},{"taxonomy":"post_tag","embeddable":true,"href":"https:\/\/tvtecjundiai.com.br\/news\/wp-json\/wp\/v2\/tags?post=135065"}],"curies":[{"name":"wp","href":"https:\/\/api.w.org\/{rel}","templated":true}]}}