{"id":135074,"date":"2026-03-15T18:32:47","date_gmt":"2026-03-15T21:32:47","guid":{"rendered":"https:\/\/tvtecjundiai.com.br\/news\/?p=135074"},"modified":"2026-03-15T18:32:47","modified_gmt":"2026-03-15T21:32:47","slug":"apos-incidente-com-aviao-neste-domingo-15-guardas-municipais-e-agentes-de-transito-de-jundiai-dao-suporte-a-seguranca-das-pessoas-nas-proximidades-do-aeroporto","status":"publish","type":"post","link":"https:\/\/tvtecjundiai.com.br\/news\/2026\/03\/15\/apos-incidente-com-aviao-neste-domingo-15-guardas-municipais-e-agentes-de-transito-de-jundiai-dao-suporte-a-seguranca-das-pessoas-nas-proximidades-do-aeroporto\/","title":{"rendered":"Ap\u00f3s incidente com avi\u00e3o neste domingo (15), guardas municipais e agentes de tr\u00e2nsito de Jundia\u00ed d\u00e3o suporte \u00e0 seguran\u00e7a das pessoas nas proximidades do aeroporto"},"content":{"rendered":"\n<p>A Guarda Municipal de Jundia\u00ed e o Departamento de Tr\u00e2nsito est\u00e3o dando suporte \u00e0 seguran\u00e7a das pessoas que circulam pr\u00f3ximo ao Aeroporto Comandante Rolim Adolfo Amaro, ap\u00f3s o incidente com uma aeronave de pequeno porte ocorrido na manh\u00e3 deste domingo (15). O objetivo \u00e9 isolar a \u00e1rea externa do aeroporto e evitar acidentes nas vias do entorno at\u00e9 a retirada da aeronave. A medida tamb\u00e9m tem car\u00e1ter preventivo, pois pode ter havido vazamento de combust\u00edvel do jato Cessna modelo Citation 550, prefixo PT-WIB. O avi\u00e3o decolou do Aeroporto de Bragan\u00e7a Paulista com destino a Jundia\u00ed e houve uma excurs\u00e3o de pista no momento do pouso, com a aeronave colidindo com o barranco na entrada de ve\u00edculos para o hangar da TAM.<\/p>\n\n\n\n<figure class=\"wp-block-image size-large is-resized\"><img loading=\"lazy\" decoding=\"async\" width=\"857\" height=\"960\" src=\"https:\/\/tvtecjundiai.com.br\/news\/wp-content\/uploads\/sites\/2\/2026\/03\/image-15-857x960.png\" alt=\"\" class=\"wp-image-135075\" style=\"aspect-ratio:0.8928601086180266;width:521px;height:auto\" srcset=\"https:\/\/tvtecjundiai.com.br\/news\/wp-content\/uploads\/sites\/2\/2026\/03\/image-15-857x960.png 857w, https:\/\/tvtecjundiai.com.br\/news\/wp-content\/uploads\/sites\/2\/2026\/03\/image-15-300x336.png 300w, https:\/\/tvtecjundiai.com.br\/news\/wp-content\/uploads\/sites\/2\/2026\/03\/image-15-768x860.png 768w, https:\/\/tvtecjundiai.com.br\/news\/wp-content\/uploads\/sites\/2\/2026\/03\/image-15.png 900w\" sizes=\"auto, (max-width: 857px) 100vw, 857px\" \/><\/figure>\n\n\n\n<p>N\u00e3o houve feridos no incidente. O piloto conseguiu abandonar a aeronave ileso. O SERIPA IV, \u00f3rg\u00e3o do Centro de Investiga\u00e7\u00e3o e Preven\u00e7\u00e3o de Acidentes Aeron\u00e1uticos (CENIPA), do Minist\u00e9rio da Aeron\u00e1utica, j\u00e1 se deslocou para o local e o Centro de Controle Operacional (CCO) da Rede Voa, concession\u00e1ria que administra o aeroporto, prestou apoio inicial com equipe de bombeiros do pr\u00f3prio equipamento a\u00e9reo.<\/p>\n","protected":false},"excerpt":{"rendered":"<p>O objetivo foi isolar a \u00e1rea externa do aeroporto e evitar acidentes nas vias do entorno at\u00e9 a retirada da aeronave<\/p>\n","protected":false},"author":24,"featured_media":135075,"comment_status":"closed","ping_status":"0","sticky":false,"template":"","format":"standard","meta":{"footnotes":""},"categories":[29],"tags":[],"class_list":["post-135074","post","type-post","status-publish","format-standard","has-post-thumbnail","hentry","category-destaque"],"_links":{"self":[{"href":"https:\/\/tvtecjundiai.com.br\/news\/wp-json\/wp\/v2\/posts\/135074","targetHints":{"allow":["GET"]}}],"collection":[{"href":"https:\/\/tvtecjundiai.com.br\/news\/wp-json\/wp\/v2\/posts"}],"about":[{"href":"https:\/\/tvtecjundiai.com.br\/news\/wp-json\/wp\/v2\/types\/post"}],"author":[{"embeddable":true,"href":"https:\/\/tvtecjundiai.com.br\/news\/wp-json\/wp\/v2\/users\/24"}],"replies":[{"embeddable":true,"href":"https:\/\/tvtecjundiai.com.br\/news\/wp-json\/wp\/v2\/comments?post=135074"}],"version-history":[{"count":1,"href":"https:\/\/tvtecjundiai.com.br\/news\/wp-json\/wp\/v2\/posts\/135074\/revisions"}],"predecessor-version":[{"id":135076,"href":"https:\/\/tvtecjundiai.com.br\/news\/wp-json\/wp\/v2\/posts\/135074\/revisions\/135076"}],"wp:featuredmedia":[{"embeddable":true,"href":"https:\/\/tvtecjundiai.com.br\/news\/wp-json\/wp\/v2\/media\/135075"}],"wp:attachment":[{"href":"https:\/\/tvtecjundiai.com.br\/news\/wp-json\/wp\/v2\/media?parent=135074"}],"wp:term":[{"taxonomy":"category","embeddable":true,"href":"https:\/\/tvtecjundiai.com.br\/news\/wp-json\/wp\/v2\/categories?post=135074"},{"taxonomy":"post_tag","embeddable":true,"href":"https:\/\/tvtecjundiai.com.br\/news\/wp-json\/wp\/v2\/tags?post=135074"}],"curies":[{"name":"wp","href":"https:\/\/api.w.org\/{rel}","templated":true}]}}