{"id":135077,"date":"2026-03-15T18:35:38","date_gmt":"2026-03-15T21:35:38","guid":{"rendered":"https:\/\/tvtecjundiai.com.br\/news\/?p=135077"},"modified":"2026-03-15T18:35:38","modified_gmt":"2026-03-15T21:35:38","slug":"mutirao-descentralizado-de-castracao-atendera-moradores-do-bairro-do-retiro-e-regiao","status":"publish","type":"post","link":"https:\/\/tvtecjundiai.com.br\/news\/2026\/03\/15\/mutirao-descentralizado-de-castracao-atendera-moradores-do-bairro-do-retiro-e-regiao\/","title":{"rendered":"Mutir\u00e3o descentralizado de castra\u00e7\u00e3o atender\u00e1 moradores do bairro do Retiro e regi\u00e3o"},"content":{"rendered":"\n<p>Moradores do bairro do Retiro e regi\u00e3o ter\u00e3o a oportunidade de garantir a castra\u00e7\u00e3o gratuita de c\u00e3es e gatos por meio de mais um mutir\u00e3o descentralizado realizado pelo Departamento de Bem-Estar Animal (DEBEA). A a\u00e7\u00e3o faz parte da estrat\u00e9gia de ampliar o acesso ao servi\u00e7o nos bairros e fortalecer as pol\u00edticas de controle populacional e prote\u00e7\u00e3o animal na cidade. O agendamento ser\u00e1 realizado nos dias 16, 17 e 18 de mar\u00e7o, das 8h30 \u00e0s 16h, ou at\u00e9 o preenchimento das vagas, no Grupo Sol da Cidadania, localizado na Alameda das Palmeiras, 120, na Vila Alvorada.<\/p>\n\n\n\n<figure class=\"wp-block-image size-large is-resized\"><img loading=\"lazy\" decoding=\"async\" width=\"1200\" height=\"801\" src=\"https:\/\/tvtecjundiai.com.br\/news\/wp-content\/uploads\/sites\/2\/2026\/03\/mutirao_castracao_debea_d-65-1280x854-1-1200x801.jpg\" alt=\"\" class=\"wp-image-135078\" style=\"aspect-ratio:1.4981607401627466;width:592px;height:auto\" srcset=\"https:\/\/tvtecjundiai.com.br\/news\/wp-content\/uploads\/sites\/2\/2026\/03\/mutirao_castracao_debea_d-65-1280x854-1-1200x801.jpg 1200w, https:\/\/tvtecjundiai.com.br\/news\/wp-content\/uploads\/sites\/2\/2026\/03\/mutirao_castracao_debea_d-65-1280x854-1-300x200.jpg 300w, https:\/\/tvtecjundiai.com.br\/news\/wp-content\/uploads\/sites\/2\/2026\/03\/mutirao_castracao_debea_d-65-1280x854-1-768x512.jpg 768w, https:\/\/tvtecjundiai.com.br\/news\/wp-content\/uploads\/sites\/2\/2026\/03\/mutirao_castracao_debea_d-65-1280x854-1.jpg 1280w\" sizes=\"auto, (max-width: 1200px) 100vw, 1200px\" \/><\/figure>\n\n\n\n<p><strong>Como agendar<\/strong><\/p>\n\n\n\n<p>Para efetuar o agendamento, os animais precisam estar previamente cadastrados no&nbsp;<a href=\"https:\/\/debea.jundiai.sp.gov.br\/servicos\/castracao\/\">site do DEBEA<\/a>&nbsp;ou no aplicativo da Prefeitura de Jundia\u00ed. No momento do atendimento, o tutor ou respons\u00e1vel dever\u00e1 apresentar RG, CPF e comprovante de resid\u00eancia. N\u00e3o \u00e9 necess\u00e1rio levar o animal no dia do agendamento.<\/p>\n\n\n\n<p><strong>Onde ser\u00e1 realizado<\/strong><\/p>\n\n\n\n<p>O mutir\u00e3o de castra\u00e7\u00e3o ser\u00e1 realizado no dia 21 de mar\u00e7o, na EMEB Anna Rita Alves Ludke, localizada na Rua Olivia Queir\u00f3s Pinto Barbosa, 378, Vila Alvorada, em hor\u00e1rios previamente agendados.<\/p>\n\n\n\n<p><strong>Preparos para o dia da cirurgia<\/strong><\/p>\n\n\n\n<p>No dia da cirurgia, os tutores dever\u00e3o comparecer no hor\u00e1rio marcado com o animal em jejum, conforme orienta\u00e7\u00e3o recebida no momento do agendamento. A organiza\u00e7\u00e3o orienta ainda que apenas uma pessoa acompanhe cada animal e que, se poss\u00edvel, evite levar crian\u00e7as.<\/p>\n\n\n\n<figure class=\"wp-block-image size-large is-resized\"><img loading=\"lazy\" decoding=\"async\" width=\"768\" height=\"960\" src=\"https:\/\/tvtecjundiai.com.br\/news\/wp-content\/uploads\/sites\/2\/2026\/03\/image-16-768x960.png\" alt=\"\" class=\"wp-image-135079\" style=\"width:522px;height:auto\" srcset=\"https:\/\/tvtecjundiai.com.br\/news\/wp-content\/uploads\/sites\/2\/2026\/03\/image-16-768x960.png 768w, https:\/\/tvtecjundiai.com.br\/news\/wp-content\/uploads\/sites\/2\/2026\/03\/image-16-300x375.png 300w, https:\/\/tvtecjundiai.com.br\/news\/wp-content\/uploads\/sites\/2\/2026\/03\/image-16.png 1080w\" sizes=\"auto, (max-width: 768px) 100vw, 768px\" \/><\/figure>\n\n\n\n<p>A castra\u00e7\u00e3o \u00e9 considerada uma das principais estrat\u00e9gias de controle populacional de c\u00e3es e gatos, al\u00e9m de contribuir para a preven\u00e7\u00e3o de doen\u00e7as, aumento da qualidade de vida dos animais e redu\u00e7\u00e3o de situa\u00e7\u00f5es de abandono e maus-tratos.<\/p>\n","protected":false},"excerpt":{"rendered":"<p>Para efetuar o agendamento, os animais precisam estar previamente cadastrados no site do DEBEA ou no aplicativo da Prefeitura de Jundia\u00ed<\/p>\n","protected":false},"author":24,"featured_media":135078,"comment_status":"closed","ping_status":"0","sticky":false,"template":"","format":"standard","meta":{"footnotes":""},"categories":[29],"tags":[],"class_list":["post-135077","post","type-post","status-publish","format-standard","has-post-thumbnail","hentry","category-destaque"],"_links":{"self":[{"href":"https:\/\/tvtecjundiai.com.br\/news\/wp-json\/wp\/v2\/posts\/135077","targetHints":{"allow":["GET"]}}],"collection":[{"href":"https:\/\/tvtecjundiai.com.br\/news\/wp-json\/wp\/v2\/posts"}],"about":[{"href":"https:\/\/tvtecjundiai.com.br\/news\/wp-json\/wp\/v2\/types\/post"}],"author":[{"embeddable":true,"href":"https:\/\/tvtecjundiai.com.br\/news\/wp-json\/wp\/v2\/users\/24"}],"replies":[{"embeddable":true,"href":"https:\/\/tvtecjundiai.com.br\/news\/wp-json\/wp\/v2\/comments?post=135077"}],"version-history":[{"count":1,"href":"https:\/\/tvtecjundiai.com.br\/news\/wp-json\/wp\/v2\/posts\/135077\/revisions"}],"predecessor-version":[{"id":135080,"href":"https:\/\/tvtecjundiai.com.br\/news\/wp-json\/wp\/v2\/posts\/135077\/revisions\/135080"}],"wp:featuredmedia":[{"embeddable":true,"href":"https:\/\/tvtecjundiai.com.br\/news\/wp-json\/wp\/v2\/media\/135078"}],"wp:attachment":[{"href":"https:\/\/tvtecjundiai.com.br\/news\/wp-json\/wp\/v2\/media?parent=135077"}],"wp:term":[{"taxonomy":"category","embeddable":true,"href":"https:\/\/tvtecjundiai.com.br\/news\/wp-json\/wp\/v2\/categories?post=135077"},{"taxonomy":"post_tag","embeddable":true,"href":"https:\/\/tvtecjundiai.com.br\/news\/wp-json\/wp\/v2\/tags?post=135077"}],"curies":[{"name":"wp","href":"https:\/\/api.w.org\/{rel}","templated":true}]}}