{"id":135082,"date":"2026-03-16T09:56:13","date_gmt":"2026-03-16T12:56:13","guid":{"rendered":"https:\/\/tvtecjundiai.com.br\/news\/?p=135082"},"modified":"2026-03-16T14:37:43","modified_gmt":"2026-03-16T17:37:43","slug":"chuvas-diminuem-e-semana-em-jundiai-tera-maximas-mais-altas","status":"publish","type":"post","link":"https:\/\/tvtecjundiai.com.br\/news\/2026\/03\/16\/chuvas-diminuem-e-semana-em-jundiai-tera-maximas-mais-altas\/","title":{"rendered":"Chuvas diminuem e semana em Jundia\u00ed ter\u00e1 m\u00e1ximas mais altas"},"content":{"rendered":"\n<p>De hoje (16) at\u00e9 sexta-feira (20), os moradores de Jundia\u00ed devem ligar ventiladores e ar-condicionados durante os picos de calor, que dever\u00e3o ser uma constante dentro da semana.<\/p>\n\n\n\n<p><\/p>\n\n\n\n<figure class=\"wp-block-image size-full\"><img loading=\"lazy\" decoding=\"async\" width=\"1200\" height=\"900\" src=\"https:\/\/tvtecjundiai.com.br\/news\/wp-content\/uploads\/sites\/2\/2026\/03\/image-17.png\" alt=\"\" class=\"wp-image-135085\" srcset=\"https:\/\/tvtecjundiai.com.br\/news\/wp-content\/uploads\/sites\/2\/2026\/03\/image-17.png 1200w, https:\/\/tvtecjundiai.com.br\/news\/wp-content\/uploads\/sites\/2\/2026\/03\/image-17-300x225.png 300w, https:\/\/tvtecjundiai.com.br\/news\/wp-content\/uploads\/sites\/2\/2026\/03\/image-17-768x576.png 768w\" sizes=\"auto, (max-width: 1200px) 100vw, 1200px\" \/><\/figure>\n\n\n\n<p><\/p>\n\n\n\n<p>A segunda-feira (16) ser\u00e1 de muitas nuvens, deixando o clima abafado. As temperaturas variam entre 17\u00b0 e 31\u00b0C, sem previs\u00e3o de chuva.<\/p>\n\n\n\n<p>Na ter\u00e7a-feira (17) a temperatura se mantem na casa dos 30\u00b0C, dessa vez cravada e mantendo tamb\u00e9m o c\u00e9u nublado. A leve queda \u00e9 proporcional no \u00edndice m\u00ednimo, que deve ser de 16\u00baC, num dia sem precipita\u00e7\u00e3o.<\/p>\n\n\n\n<p>A chuva volta aparecer na tarde de quarta-feira (18), sem alterar as temperaturas do dia, que variam de 16\u00baC a 30\u00b0C. A precipita\u00e7\u00e3o n\u00e3o deve passar dos 40mm, sendo passageira e sem muito volume.<\/p>\n\n\n\n<p>Na quinta-feira (19) o dia amanhece com nevoeiro e a chuva de quarta n\u00e3o volta. Com leve queda na m\u00e1xima, a temperatura se mant\u00e9m est\u00e1vel. A m\u00ednima \u00e9 de 16\u00baC e a m\u00e1xima deve alcan\u00e7ar os 29\u00baC<\/p>\n\n\n\n<p>Para encerrar a semana \u00fatil, a sexta-feira (20) apresenta a queda de temperatura mais significativa da semana. Ainda que a m\u00ednima aumente para 17\u00b0C, a m\u00e1xima cai para 26\u00b0C.<\/p>\n\n\n\n<p>Portanto, os jundiaienses podem esperar uma semana de pouca varia\u00e7\u00e3o t\u00e9rmica, com um frio moderado e pancadas de chuva durante todos os hor\u00e1rios e dias da semana.<\/p>\n\n\n\n<p><strong>Texto e Imagem por: Reda\u00e7\u00e3o TVTEC<\/strong><\/p>\n\n\n\n<p><strong>Fonte: Climatempo<\/strong><\/p>\n","protected":false},"excerpt":{"rendered":"<p>M\u00e1ximas ficam perto dos 30\u00b0C at\u00e9 quinta-feira<\/p>\n","protected":false},"author":24,"featured_media":135084,"comment_status":"closed","ping_status":"0","sticky":false,"template":"","format":"standard","meta":{"footnotes":""},"categories":[3185,29,1,8415],"tags":[],"class_list":["post-135082","post","type-post","status-publish","format-standard","has-post-thumbnail","hentry","category-clima","category-destaque","category-noticias","category-previsao-do-tempo"],"_links":{"self":[{"href":"https:\/\/tvtecjundiai.com.br\/news\/wp-json\/wp\/v2\/posts\/135082","targetHints":{"allow":["GET"]}}],"collection":[{"href":"https:\/\/tvtecjundiai.com.br\/news\/wp-json\/wp\/v2\/posts"}],"about":[{"href":"https:\/\/tvtecjundiai.com.br\/news\/wp-json\/wp\/v2\/types\/post"}],"author":[{"embeddable":true,"href":"https:\/\/tvtecjundiai.com.br\/news\/wp-json\/wp\/v2\/users\/24"}],"replies":[{"embeddable":true,"href":"https:\/\/tvtecjundiai.com.br\/news\/wp-json\/wp\/v2\/comments?post=135082"}],"version-history":[{"count":3,"href":"https:\/\/tvtecjundiai.com.br\/news\/wp-json\/wp\/v2\/posts\/135082\/revisions"}],"predecessor-version":[{"id":135094,"href":"https:\/\/tvtecjundiai.com.br\/news\/wp-json\/wp\/v2\/posts\/135082\/revisions\/135094"}],"wp:featuredmedia":[{"embeddable":true,"href":"https:\/\/tvtecjundiai.com.br\/news\/wp-json\/wp\/v2\/media\/135084"}],"wp:attachment":[{"href":"https:\/\/tvtecjundiai.com.br\/news\/wp-json\/wp\/v2\/media?parent=135082"}],"wp:term":[{"taxonomy":"category","embeddable":true,"href":"https:\/\/tvtecjundiai.com.br\/news\/wp-json\/wp\/v2\/categories?post=135082"},{"taxonomy":"post_tag","embeddable":true,"href":"https:\/\/tvtecjundiai.com.br\/news\/wp-json\/wp\/v2\/tags?post=135082"}],"curies":[{"name":"wp","href":"https:\/\/api.w.org\/{rel}","templated":true}]}}