{"id":135087,"date":"2026-03-16T10:18:29","date_gmt":"2026-03-16T13:18:29","guid":{"rendered":"https:\/\/tvtecjundiai.com.br\/news\/?p=135087"},"modified":"2026-03-16T10:18:29","modified_gmt":"2026-03-16T13:18:29","slug":"chuva-e-calor-reforcam-alerta-para-prevencao-da-dengue","status":"publish","type":"post","link":"https:\/\/tvtecjundiai.com.br\/news\/2026\/03\/16\/chuva-e-calor-reforcam-alerta-para-prevencao-da-dengue\/","title":{"rendered":"Chuva e calor refor\u00e7am alerta para preven\u00e7\u00e3o da dengue"},"content":{"rendered":"\n<p>As chuvas intensas registradas desde o in\u00edcio do ano, especialmente nos \u00faltimos dias, no Estado de S\u00e3o Paulo acendem um alerta para a preven\u00e7\u00e3o da dengue. A combina\u00e7\u00e3o de calor e \u00e1gua parada cria condi\u00e7\u00f5es favor\u00e1veis para a reprodu\u00e7\u00e3o do mosquito&nbsp;<em>Aedes aegypti<\/em>, transmissor da doen\u00e7a. Diante desse cen\u00e1rio, especialistas refor\u00e7am a import\u00e2ncia de medidas simples dentro de casa e nos espa\u00e7os externos para evitar a forma\u00e7\u00e3o de criadouros e reduzir o risco de transmiss\u00e3o.<\/p>\n\n\n\n<p>O infectologista Dr. Marco Aur\u00e9lio Cunha de Freitas explica que o quadro cl\u00ednico da dengue costuma surgir de forma abrupta e merece observa\u00e7\u00e3o criteriosa. \u201cOs sintomas mais frequentes incluem febre, indisposi\u00e7\u00e3o intensa, dores musculares, manchas pelo corpo e cefaleia. Nos casos mais severos, podem ocorrer derrames em cavidades do organismo. A fase cr\u00edtica costuma se concentrar nos primeiros dez dias, e a febre geralmente se estende at\u00e9 a primeira semana\u201d, observa. A recupera\u00e7\u00e3o varia conforme a resposta de cada paciente e pode se estender por at\u00e9 um m\u00eas.<\/p>\n\n\n\n<p>O especialista destaca ainda que confundir dengue com gripe \u00e9 um erro comum, mas evit\u00e1vel. \u201cA gripe se caracteriza por sintomas respirat\u00f3rios, como coriza, tosse e congest\u00e3o nasal, manifesta\u00e7\u00f5es que n\u00e3o fazem parte da dengue. Essa diferencia\u00e7\u00e3o \u00e9 essencial para que o paciente receba o atendimento adequado no momento certo.\u201d<\/p>\n\n\n\n<p>Como h\u00e1 quatro sorotipos distintos do v\u00edrus, \u00e9 poss\u00edvel adoecer mais de uma vez. E justamente em quem j\u00e1 teve a doen\u00e7a antes, o risco de agravamento costuma ser maior. Nos atendimentos, equipes m\u00e9dicas monitoram sinais de perda de plasma sangu\u00edneo, um dos principais indicadores de complica\u00e7\u00f5es. \u201cNo hemograma, observamos especialmente a contagem de plaquetas e os ind\u00edcios de hemoconcentra\u00e7\u00e3o. A redu\u00e7\u00e3o do volume plasm\u00e1tico pode levar a condi\u00e7\u00f5es como ascite, derrame pleural e peric\u00e1rdico, mesmo na aus\u00eancia de sangramentos vis\u00edveis\u201d, explica o infectologista.<\/p>\n\n\n\n<p>Sem um medicamento capaz de eliminar o v\u00edrus, o tratamento se concentra no al\u00edvio dos sintomas e na preven\u00e7\u00e3o de complica\u00e7\u00f5es. Hidrata\u00e7\u00e3o adequada desde o in\u00edcio do quadro e uso correto dos medicamentos orientados pelo m\u00e9dico s\u00e3o essenciais para a recupera\u00e7\u00e3o.<\/p>\n\n\n\n<p>Medidas simples como eliminar recipientes que acumulam \u00e1gua, manter quintais limpos e revisar com frequ\u00eancia espa\u00e7os que possam servir de criadouro, t\u00eam impacto direto na prote\u00e7\u00e3o individual e coletiva. Cada a\u00e7\u00e3o conta no enfrentamento \u00e0 doen\u00e7a.<\/p>\n\n\n\n<p>Al\u00e9m das a\u00e7\u00f5es de combate ao mosquito, a imuniza\u00e7\u00e3o se destaca como uma aliada importante no enfrentamento \u00e0 dengue. A vacina est\u00e1 sendo incorporada de forma estrat\u00e9gica: no sistema p\u00fablico, \u00e9 oferecida a crian\u00e7as e adolescentes de 10 a 14 anos que vivem em munic\u00edpios definidos como priorit\u00e1rios pelo Minist\u00e9rio da Sa\u00fade. J\u00e1 na rede privada, o imunizante est\u00e1 dispon\u00edvel em cl\u00ednicas e farm\u00e1cias para pessoas de 4 a 60 anos. A amplia\u00e7\u00e3o do acesso \u00e0 vacina fortalece a prote\u00e7\u00e3o coletiva e ajuda a diminuir a ocorr\u00eancia de quadros graves e hospitaliza\u00e7\u00f5es.<\/p>\n\n\n<div class=\"wp-block-image\">\n<figure class=\"aligncenter\"><img decoding=\"async\" src=\"https:\/\/mail.google.com\/mail\/u\/0?ui=2&amp;ik=1de69e4b14&amp;attid=0.0.2&amp;permmsgid=msg-f:1859819577114853200&amp;th=19cf680d383f7f50&amp;view=fimg&amp;fur=ip&amp;permmsgid=msg-f:1859819577114853200&amp;sz=s0-l75-ft&amp;attbid=ANGjdJ9uCDNcA0aSzh6dAwWFkUTo-X17ikPs9RbRd-hc2m5MVvttWPcNHSH9oRkoi7-t78vE6lo8JDzYeNvGkBpk01kikhc1Z9GZWf4ldR1XRF4E14CPuC4NzlT4YUI&amp;disp=emb&amp;zw\" alt=\"\" \/><figcaption class=\"wp-element-caption\">Dr. Marco Aur\u00e9lio fala sobre cuidados com a dengue. <\/figcaption><\/figure>\n<\/div>\n\n\n<p><strong>Fonte e Imagem: Assessoria de Comunica\u00e7\u00e3o &#8211; Hospital de Caridade S\u00e3o Vicente de Paulo<\/strong><\/p>\n\n\n\n<p><\/p>\n","protected":false},"excerpt":{"rendered":"<p>Condi\u00e7\u00f5es favorecem a prolifera\u00e7\u00e3o do mosquito transmissor<\/p>\n","protected":false},"author":24,"featured_media":135088,"comment_status":"closed","ping_status":"0","sticky":false,"template":"","format":"standard","meta":{"footnotes":""},"categories":[29,8431,8356,1,2839,8355],"tags":[],"class_list":["post-135087","post","type-post","status-publish","format-standard","has-post-thumbnail","hentry","category-destaque","category-hospital-sao-vicente","category-jundiai","category-noticias","category-saude","category-saude-3"],"_links":{"self":[{"href":"https:\/\/tvtecjundiai.com.br\/news\/wp-json\/wp\/v2\/posts\/135087","targetHints":{"allow":["GET"]}}],"collection":[{"href":"https:\/\/tvtecjundiai.com.br\/news\/wp-json\/wp\/v2\/posts"}],"about":[{"href":"https:\/\/tvtecjundiai.com.br\/news\/wp-json\/wp\/v2\/types\/post"}],"author":[{"embeddable":true,"href":"https:\/\/tvtecjundiai.com.br\/news\/wp-json\/wp\/v2\/users\/24"}],"replies":[{"embeddable":true,"href":"https:\/\/tvtecjundiai.com.br\/news\/wp-json\/wp\/v2\/comments?post=135087"}],"version-history":[{"count":1,"href":"https:\/\/tvtecjundiai.com.br\/news\/wp-json\/wp\/v2\/posts\/135087\/revisions"}],"predecessor-version":[{"id":135089,"href":"https:\/\/tvtecjundiai.com.br\/news\/wp-json\/wp\/v2\/posts\/135087\/revisions\/135089"}],"wp:featuredmedia":[{"embeddable":true,"href":"https:\/\/tvtecjundiai.com.br\/news\/wp-json\/wp\/v2\/media\/135088"}],"wp:attachment":[{"href":"https:\/\/tvtecjundiai.com.br\/news\/wp-json\/wp\/v2\/media?parent=135087"}],"wp:term":[{"taxonomy":"category","embeddable":true,"href":"https:\/\/tvtecjundiai.com.br\/news\/wp-json\/wp\/v2\/categories?post=135087"},{"taxonomy":"post_tag","embeddable":true,"href":"https:\/\/tvtecjundiai.com.br\/news\/wp-json\/wp\/v2\/tags?post=135087"}],"curies":[{"name":"wp","href":"https:\/\/api.w.org\/{rel}","templated":true}]}}