{"id":135090,"date":"2026-03-16T14:36:34","date_gmt":"2026-03-16T17:36:34","guid":{"rendered":"https:\/\/tvtecjundiai.com.br\/news\/?p=135090"},"modified":"2026-03-16T14:36:34","modified_gmt":"2026-03-16T17:36:34","slug":"sebrae-sp-reune-ecossistema-de-inovacao-de-jundiai-no-startup-day","status":"publish","type":"post","link":"https:\/\/tvtecjundiai.com.br\/news\/2026\/03\/16\/sebrae-sp-reune-ecossistema-de-inovacao-de-jundiai-no-startup-day\/","title":{"rendered":"Sebrae-SP re\u00fane ecossistema de inova\u00e7\u00e3o de Jundia\u00ed no Startup Day"},"content":{"rendered":"\n<figure class=\"wp-block-image\"><img decoding=\"async\" src=\"https:\/\/sp.agenciasebrae.com.br\/wp-content\/uploads\/sites\/25\/2026\/03\/Startup-Day-2024-2.jpg\" alt=\"\" class=\"wp-image-28964\" \/><\/figure>\n\n\n\n<p>O Sebrae-SP promove em Jundia\u00ed, no dia 21 de mar\u00e7o, a edi\u00e7\u00e3o de 2026 do Startup Day, iniciativa voltada ao fortalecimento do ecossistema de inova\u00e7\u00e3o e ao incentivo \u00e0 cria\u00e7\u00e3o de startups. No munic\u00edpio o evento ser\u00e1 realizado no pr\u00e9dio do CIESP, a partir das 8h30, e conta com a parceria da Prefeitura do munic\u00edpio, Fatec, a comunidade de inova\u00e7\u00e3o e startups Grape Valley, Senai e da Associa\u00e7\u00e3o de Tecnologia e Inova\u00e7\u00e3o de Jundia\u00ed (ATIJ). Os interessados podem se inscrever por meio do&nbsp;<a href=\"https:\/\/www.sympla.com.br\/evento\/startup-day-2026-jundiai\/3290817\" target=\"_blank\" rel=\"noreferrer noopener\">link<\/a>.<\/p>\n\n\n\n<p>A programa\u00e7\u00e3o do evento conta com uma palestra, \u201cOs Clusters de Inova\u00e7\u00e3o: Conectando Empresas, Universidades e Governo para Impulsionar Startups e o Desenvolvimento Regional\u201d, que ser\u00e1 ministrada pelo gerente de pesquisa e inova\u00e7\u00e3o da&nbsp;<a href=\"https:\/\/www.thyssenkrupp-brazil.com\/empresa\" target=\"_blank\" rel=\"noreferrer noopener\">Thyssenkrupp<\/a>, Guilherme Ciuffi.<\/p>\n\n\n\n<p>Al\u00e9m disso, o evento contar\u00e1 com dois pain\u00e9is, \u201cDiagn\u00f3stico do Ecossistema&nbsp;\u2013 resultado da Oficina de Planejamento Participativo de Jundiai e pr\u00f3ximos passos\u201d e \u201cA grande empresa e a rela\u00e7\u00e3o com a cadeia produtiva de Tecnologia, Manufatura e Log\u00edstica\u201d. Em um segundo momento, o palco estar\u00e1 aberto para que algumas startups possam se apresentar e veicular suas solu\u00e7\u00f5es para o p\u00fablico presente.<\/p>\n\n\n\n<p>Para a analista de neg\u00f3cios e gestora de inova\u00e7\u00e3o do Sebrae-SP, Silvia Della Matrice, iniciativas como o Startup Day s\u00e3o fundamentais para fortalecer o ambiente de inova\u00e7\u00e3o local. \u201cO evento cria um espa\u00e7o de conex\u00e3o entre empreendedores, universidades, grandes empresas e poder p\u00fablico, o que \u00e9 essencial para o desenvolvimento de solu\u00e7\u00f5es inovadoras e para o crescimento das startups. Em Jundia\u00ed, esse tipo de encontro contribui para consolidar o ecossistema de inova\u00e7\u00e3o da regi\u00e3o, estimular novas ideias e aproximar os empreendedores das oportunidades e ferramentas que podem impulsionar seus neg\u00f3cios\u201d, comenta.<\/p>\n\n\n\n<p>O encontro&nbsp;tamb\u00e9m apresentar\u00e1 algumas oportunidades do&nbsp;Sebrae for Startups,&nbsp;que apoia empresas inovadoras desde a fase de idea\u00e7\u00e3o at\u00e9 a conex\u00e3o com investidores e mercado.<\/p>\n\n\n\n<p><strong>Sobre o Startup Day<\/strong><\/p>\n\n\n\n<p>Idealizado pelo Sebrae Startups e cocriado com o ecossistema de inova\u00e7\u00e3o, a din\u00e2mica de constru\u00e7\u00e3o do Startup Day \u00e9 toda colaborativa, privilegiando as demandas e necessidades das startups nacionais e ecossistemas locais, com a participa\u00e7\u00e3o de todo o Sistema Sebrae e a comunidade de inova\u00e7\u00e3o do Brasil.<\/p>\n\n\n\n<p>O evento tem como p\u00fablico-alvo startups em todos os momentos de maturidade: curiosidade, idea\u00e7\u00e3o, valida\u00e7\u00e3o, tra\u00e7\u00e3o, crescimento e escala. Os principais objetivos da iniciativa s\u00e3o fomentar o ecossistema inovador brasileiro, apresentar a experi\u00eancia Sebrae Startups de atendimento \u00e0s startups em todo o Brasil e empoderar os gestores em atua\u00e7\u00e3o regional.<\/p>\n\n\n\n<p>Na \u00faltima edi\u00e7\u00e3o, que aconteceu em mar\u00e7o de 2025, foram realizados eventos simult\u00e2neos em todos os 26 estados e Distrito Federal, com a participa\u00e7\u00e3o de 253 munic\u00edpios. No total, foram mais de 30 mil pessoas participando em todo o Brasil. Em Jundia\u00ed foram, aproximadamente, 50 participantes entre empres\u00e1rios, estudantes e especialistas do ecossistema de inova\u00e7\u00e3o local.<\/p>\n\n\n\n<p><strong>SERVI\u00c7O<\/strong><\/p>\n\n\n\n<p><strong>Startup Day 2026 em Jundia\u00ed<\/strong><\/p>\n\n\n\n<p>Data: 21\/3<\/p>\n\n\n\n<p>Hor\u00e1rio: 8h30 \u00e0s 13h<\/p>\n\n\n\n<p>Local: Centro das Ind\u00fastrias do Estado de S\u00e3o Paulo (CIESP)<\/p>\n\n\n\n<p>Endere\u00e7o: Avenida Doroty Nano Martinasso, s\/n, Vila Hortol\u00e2ndia \u2013 Jundia\u00ed (SP)<\/p>\n\n\n\n<p>Link de inscri\u00e7\u00e3o:&nbsp;<a href=\"https:\/\/www.sympla.com.br\/evento\/startup-day-2026-jundiai\/3290817\" target=\"_blank\" rel=\"noreferrer noopener\">https:\/\/www.sympla.com.br\/evento\/startup-day-2026-jundiai\/3290817<\/a><\/p>\n\n\n\n<p><strong>Fonte: Sebrae Jundia\u00ed<\/strong><\/p>\n","protected":false},"excerpt":{"rendered":"<p>Evento \u00e9 gratuito e ser\u00e1 realizado no dia 21 de mar\u00e7o; inscri\u00e7\u00f5es j\u00e1 est\u00e3o abertas<\/p>\n","protected":false},"author":24,"featured_media":135091,"comment_status":"closed","ping_status":"0","sticky":false,"template":"","format":"standard","meta":{"footnotes":""},"categories":[29,8362,8429,8356,1],"tags":[],"class_list":["post-135090","post","type-post","status-publish","format-standard","has-post-thumbnail","hentry","category-destaque","category-empreendedorismo","category-eventos","category-jundiai","category-noticias"],"_links":{"self":[{"href":"https:\/\/tvtecjundiai.com.br\/news\/wp-json\/wp\/v2\/posts\/135090","targetHints":{"allow":["GET"]}}],"collection":[{"href":"https:\/\/tvtecjundiai.com.br\/news\/wp-json\/wp\/v2\/posts"}],"about":[{"href":"https:\/\/tvtecjundiai.com.br\/news\/wp-json\/wp\/v2\/types\/post"}],"author":[{"embeddable":true,"href":"https:\/\/tvtecjundiai.com.br\/news\/wp-json\/wp\/v2\/users\/24"}],"replies":[{"embeddable":true,"href":"https:\/\/tvtecjundiai.com.br\/news\/wp-json\/wp\/v2\/comments?post=135090"}],"version-history":[{"count":1,"href":"https:\/\/tvtecjundiai.com.br\/news\/wp-json\/wp\/v2\/posts\/135090\/revisions"}],"predecessor-version":[{"id":135092,"href":"https:\/\/tvtecjundiai.com.br\/news\/wp-json\/wp\/v2\/posts\/135090\/revisions\/135092"}],"wp:featuredmedia":[{"embeddable":true,"href":"https:\/\/tvtecjundiai.com.br\/news\/wp-json\/wp\/v2\/media\/135091"}],"wp:attachment":[{"href":"https:\/\/tvtecjundiai.com.br\/news\/wp-json\/wp\/v2\/media?parent=135090"}],"wp:term":[{"taxonomy":"category","embeddable":true,"href":"https:\/\/tvtecjundiai.com.br\/news\/wp-json\/wp\/v2\/categories?post=135090"},{"taxonomy":"post_tag","embeddable":true,"href":"https:\/\/tvtecjundiai.com.br\/news\/wp-json\/wp\/v2\/tags?post=135090"}],"curies":[{"name":"wp","href":"https:\/\/api.w.org\/{rel}","templated":true}]}}