{"id":135099,"date":"2026-03-17T10:08:39","date_gmt":"2026-03-17T13:08:39","guid":{"rendered":"https:\/\/tvtecjundiai.com.br\/news\/?p=135099"},"modified":"2026-03-17T12:11:38","modified_gmt":"2026-03-17T15:11:38","slug":"homenagem-da-prefeitura-de-jundiai-aos-atletas-das-olimpiadas-de-inverno-sera-nesta-sexta-feira","status":"publish","type":"post","link":"https:\/\/tvtecjundiai.com.br\/news\/2026\/03\/17\/homenagem-da-prefeitura-de-jundiai-aos-atletas-das-olimpiadas-de-inverno-sera-nesta-sexta-feira\/","title":{"rendered":"Homenagem da Prefeitura de Jundia\u00ed aos atletas das Olimp\u00edadas de Inverno ser\u00e1 nesta sexta-feira"},"content":{"rendered":"\n<p>A Prefeitura de Jundia\u00ed informa que a homenagem aos atletas, que representaram o Brasil nos Jogos Ol\u00edmpicos e Paral\u00edmpicos de Inverno de Mil\u00e3o e Cortina d\u2019Ampezzo, na It\u00e1lia, ter\u00e1 nova data e hor\u00e1rio devido \u00e0 convoca\u00e7\u00e3o oficial em Bras\u00edlia do atleta Cristian Ribera.<\/p>\n\n\n\n<figure class=\"wp-block-image size-large is-resized\"><img loading=\"lazy\" decoding=\"async\" width=\"1200\" height=\"801\" src=\"https:\/\/tvtecjundiai.com.br\/news\/wp-content\/uploads\/sites\/2\/2026\/03\/christian_prata-3-1-1200x801.jpeg\" alt=\"\" class=\"wp-image-135101\" style=\"aspect-ratio:1.4981607401627466;width:706px;height:auto\" srcset=\"https:\/\/tvtecjundiai.com.br\/news\/wp-content\/uploads\/sites\/2\/2026\/03\/christian_prata-3-1-1200x801.jpeg 1200w, https:\/\/tvtecjundiai.com.br\/news\/wp-content\/uploads\/sites\/2\/2026\/03\/christian_prata-3-1-300x200.jpeg 300w, https:\/\/tvtecjundiai.com.br\/news\/wp-content\/uploads\/sites\/2\/2026\/03\/christian_prata-3-1-768x512.jpeg 768w, https:\/\/tvtecjundiai.com.br\/news\/wp-content\/uploads\/sites\/2\/2026\/03\/christian_prata-3-1.jpeg 1280w\" sizes=\"auto, (max-width: 1200px) 100vw, 1200px\" \/><\/figure>\n\n\n\n<p>O encontro, inicialmente previsto para ter\u00e7a-feira (17), ser\u00e1 realizado na sexta-feira (20\/03), \u00e0s 14h, no piso t\u00e9rreo do Pa\u00e7o Municipal.<\/p>\n\n\n\n<p>Entre os homenageados est\u00e3o Cristian Ribera, medalhista de prata no esqui cross-country sentado masculino; Guilherme Cruz Rocha; Wellington da Silva; Eduarda Westemaier Ribera, atleta ol\u00edmpica e irm\u00e3 de Cristian; e F\u00e1bio Westemaier Ribera, t\u00e9cnico da equipe brasileira de esqui cross-country e irm\u00e3o de Cristian e Eduarda.<\/p>\n\n\n\n<p><strong>Servi\u00e7o:<\/strong><br>Evento: Homenagem da Prefeitura de Jundia\u00ed aos atletas<br>Nova data: 20 de mar\u00e7o de 2026 (sexta-feira)<br>Hor\u00e1rio: 14h<br>Local: T\u00e9rreo do Pa\u00e7o Municipal \u2013 Av. da Liberdade, s\/n\u00ba \u2013 Jardim Bot\u00e2nico<\/p>\n","protected":false},"excerpt":{"rendered":"<p>O encontro, inicialmente previsto para ter\u00e7a-feira (17), ser\u00e1 realizado na sexta-feira (20\/03), \u00e0s 14h, no piso t\u00e9rreo do Pa\u00e7o Municipal<\/p>\n","protected":false},"author":24,"featured_media":135100,"comment_status":"closed","ping_status":"0","sticky":false,"template":"","format":"standard","meta":{"footnotes":""},"categories":[29],"tags":[],"class_list":["post-135099","post","type-post","status-publish","format-standard","has-post-thumbnail","hentry","category-destaque"],"_links":{"self":[{"href":"https:\/\/tvtecjundiai.com.br\/news\/wp-json\/wp\/v2\/posts\/135099","targetHints":{"allow":["GET"]}}],"collection":[{"href":"https:\/\/tvtecjundiai.com.br\/news\/wp-json\/wp\/v2\/posts"}],"about":[{"href":"https:\/\/tvtecjundiai.com.br\/news\/wp-json\/wp\/v2\/types\/post"}],"author":[{"embeddable":true,"href":"https:\/\/tvtecjundiai.com.br\/news\/wp-json\/wp\/v2\/users\/24"}],"replies":[{"embeddable":true,"href":"https:\/\/tvtecjundiai.com.br\/news\/wp-json\/wp\/v2\/comments?post=135099"}],"version-history":[{"count":1,"href":"https:\/\/tvtecjundiai.com.br\/news\/wp-json\/wp\/v2\/posts\/135099\/revisions"}],"predecessor-version":[{"id":135102,"href":"https:\/\/tvtecjundiai.com.br\/news\/wp-json\/wp\/v2\/posts\/135099\/revisions\/135102"}],"wp:featuredmedia":[{"embeddable":true,"href":"https:\/\/tvtecjundiai.com.br\/news\/wp-json\/wp\/v2\/media\/135100"}],"wp:attachment":[{"href":"https:\/\/tvtecjundiai.com.br\/news\/wp-json\/wp\/v2\/media?parent=135099"}],"wp:term":[{"taxonomy":"category","embeddable":true,"href":"https:\/\/tvtecjundiai.com.br\/news\/wp-json\/wp\/v2\/categories?post=135099"},{"taxonomy":"post_tag","embeddable":true,"href":"https:\/\/tvtecjundiai.com.br\/news\/wp-json\/wp\/v2\/tags?post=135099"}],"curies":[{"name":"wp","href":"https:\/\/api.w.org\/{rel}","templated":true}]}}