{"id":135103,"date":"2026-03-17T10:43:29","date_gmt":"2026-03-17T13:43:29","guid":{"rendered":"https:\/\/tvtecjundiai.com.br\/news\/?p=135103"},"modified":"2026-03-17T10:43:29","modified_gmt":"2026-03-17T13:43:29","slug":"novas-regras-para-redes-sociais-entram-em-vigor-e-serao-tema-do-tecnews-desta-terca-17","status":"publish","type":"post","link":"https:\/\/tvtecjundiai.com.br\/news\/2026\/03\/17\/novas-regras-para-redes-sociais-entram-em-vigor-e-serao-tema-do-tecnews-desta-terca-17\/","title":{"rendered":"Novas regras para redes sociais entram em vigor e ser\u00e3o tema do TECNEWS desta ter\u00e7a (17)"},"content":{"rendered":"\n<p>As novas regras para o uso de redes sociais por crian\u00e7as e adolescentes entram em vigor nesta ter\u00e7a-feira (17), dentro do chamado ECA Digital, atualiza\u00e7\u00e3o do Estatuto da Crian\u00e7a e do Adolescente. A medida aumenta a responsabilidade de plataformas como o TikTok, com exig\u00eancia de verifica\u00e7\u00e3o de idade, maior controle dos pais e limita\u00e7\u00e3o de conte\u00fados e tempo de uso.<\/p>\n\n\n\n<figure class=\"wp-block-image size-full\"><img loading=\"lazy\" decoding=\"async\" width=\"880\" height=\"495\" src=\"https:\/\/tvtecjundiai.com.br\/news\/wp-content\/uploads\/sites\/2\/2026\/03\/https__img.migalhas.com_.br__SL__gf_base__SL__empresas__SL__MIGA__SL__imagens__SL__2024__SL__11__SL__04__SL__1b7cb5ba-7fcd-4d53-907f-d3e60edba3c0.jpg._PROC_CP65.jpg\" alt=\"\" class=\"wp-image-135104\" srcset=\"https:\/\/tvtecjundiai.com.br\/news\/wp-content\/uploads\/sites\/2\/2026\/03\/https__img.migalhas.com_.br__SL__gf_base__SL__empresas__SL__MIGA__SL__imagens__SL__2024__SL__11__SL__04__SL__1b7cb5ba-7fcd-4d53-907f-d3e60edba3c0.jpg._PROC_CP65.jpg 880w, https:\/\/tvtecjundiai.com.br\/news\/wp-content\/uploads\/sites\/2\/2026\/03\/https__img.migalhas.com_.br__SL__gf_base__SL__empresas__SL__MIGA__SL__imagens__SL__2024__SL__11__SL__04__SL__1b7cb5ba-7fcd-4d53-907f-d3e60edba3c0.jpg._PROC_CP65-300x169.jpg 300w, https:\/\/tvtecjundiai.com.br\/news\/wp-content\/uploads\/sites\/2\/2026\/03\/https__img.migalhas.com_.br__SL__gf_base__SL__empresas__SL__MIGA__SL__imagens__SL__2024__SL__11__SL__04__SL__1b7cb5ba-7fcd-4d53-907f-d3e60edba3c0.jpg._PROC_CP65-768x432.jpg 768w\" sizes=\"auto, (max-width: 880px) 100vw, 880px\" \/><figcaption class=\"wp-element-caption\">A medida impacta diretamente plataformas como o TikTok, que passam a ter maior responsabilidade na seguran\u00e7a de usu\u00e1rios menores de idade<\/figcaption><\/figure>\n\n\n\n<p><\/p>\n\n\n\n<p>As mudan\u00e7as tamb\u00e9m buscam reduzir a exposi\u00e7\u00e3o a conte\u00fados prejudiciais e alertam para os impactos do uso excessivo das redes no desenvolvimento infantil, como problemas de aten\u00e7\u00e3o, aprendizado e sa\u00fade emocional.<\/p>\n\n\n\n<h3 class=\"wp-block-heading\">Tema ser\u00e1 destaque no TECNEWS<\/h3>\n\n\n\n<p>O assunto ser\u00e1 tema do TECNEWS desta ter\u00e7a-feira (17), que recebe a psicopedagoga e neuropsicopedagoga Ester Zomer Gomes, especialista em Depend\u00eancia Tecnol\u00f3gica.<\/p>\n\n\n\n<p>Durante a entrevista, a profissional vai comentar os impactos do uso das redes sociais no desenvolvimento infantil, al\u00e9m de orientar pais e respons\u00e1veis sobre como promover um uso mais equilibrado e seguro da internet no dia a dia.<\/p>\n\n\n\n<p>Acompanhe o TECNEWS ao vivo, \u00e0s 11h30, pelo canal 24 da Claro TV e tamb\u00e9m pelas redes sociais da <a href=\"https:\/\/www.facebook.com\/tvtecjundiai\" data-type=\"link\" data-id=\"https:\/\/www.facebook.com\/tvtecjundiai\">TVTEC Jundia\u00ed<\/a>.<\/p>\n\n\n\n<p><\/p>\n\n\n\n<p>Fonte: Reda\u00e7\u00e3o TVTEC \/ Imagem: Freepik\/Arte Migalhas<\/p>\n\n\n\n<p><\/p>\n","protected":false},"excerpt":{"rendered":"<p>Mudan\u00e7as no uso de plataformas digitais por crian\u00e7as e adolescentes refor\u00e7am controle parental e alertam para riscos do uso excessivo<\/p>\n","protected":false},"author":24,"featured_media":135105,"comment_status":"open","ping_status":"0","sticky":false,"template":"","format":"standard","meta":{"footnotes":""},"categories":[29,1],"tags":[],"class_list":["post-135103","post","type-post","status-publish","format-standard","has-post-thumbnail","hentry","category-destaque","category-noticias"],"_links":{"self":[{"href":"https:\/\/tvtecjundiai.com.br\/news\/wp-json\/wp\/v2\/posts\/135103","targetHints":{"allow":["GET"]}}],"collection":[{"href":"https:\/\/tvtecjundiai.com.br\/news\/wp-json\/wp\/v2\/posts"}],"about":[{"href":"https:\/\/tvtecjundiai.com.br\/news\/wp-json\/wp\/v2\/types\/post"}],"author":[{"embeddable":true,"href":"https:\/\/tvtecjundiai.com.br\/news\/wp-json\/wp\/v2\/users\/24"}],"replies":[{"embeddable":true,"href":"https:\/\/tvtecjundiai.com.br\/news\/wp-json\/wp\/v2\/comments?post=135103"}],"version-history":[{"count":1,"href":"https:\/\/tvtecjundiai.com.br\/news\/wp-json\/wp\/v2\/posts\/135103\/revisions"}],"predecessor-version":[{"id":135106,"href":"https:\/\/tvtecjundiai.com.br\/news\/wp-json\/wp\/v2\/posts\/135103\/revisions\/135106"}],"wp:featuredmedia":[{"embeddable":true,"href":"https:\/\/tvtecjundiai.com.br\/news\/wp-json\/wp\/v2\/media\/135105"}],"wp:attachment":[{"href":"https:\/\/tvtecjundiai.com.br\/news\/wp-json\/wp\/v2\/media?parent=135103"}],"wp:term":[{"taxonomy":"category","embeddable":true,"href":"https:\/\/tvtecjundiai.com.br\/news\/wp-json\/wp\/v2\/categories?post=135103"},{"taxonomy":"post_tag","embeddable":true,"href":"https:\/\/tvtecjundiai.com.br\/news\/wp-json\/wp\/v2\/tags?post=135103"}],"curies":[{"name":"wp","href":"https:\/\/api.w.org\/{rel}","templated":true}]}}