{"id":135108,"date":"2026-03-17T11:09:07","date_gmt":"2026-03-17T14:09:07","guid":{"rendered":"https:\/\/tvtecjundiai.com.br\/news\/?p=135108"},"modified":"2026-03-17T11:09:07","modified_gmt":"2026-03-17T14:09:07","slug":"camara-de-jundiai-realiza-sessao-nesta-terca-17-com-projetos-voltados-a-inclusao-e-politicas-publicas","status":"publish","type":"post","link":"https:\/\/tvtecjundiai.com.br\/news\/2026\/03\/17\/camara-de-jundiai-realiza-sessao-nesta-terca-17-com-projetos-voltados-a-inclusao-e-politicas-publicas\/","title":{"rendered":"C\u00e2mara de Jundia\u00ed realiza sess\u00e3o nesta ter\u00e7a (17) com projetos voltados \u00e0 inclus\u00e3o e pol\u00edticas p\u00fablicas"},"content":{"rendered":"\n<p>Durante a tarde e noite desta ter\u00e7a-feira (17), a C\u00e2mara Municipal de Jundia\u00ed realiza a 45\u00aa Sess\u00e3o Ordin\u00e1ria da 19\u00aa Legislatura. A popula\u00e7\u00e3o pode acompanhar os debates presencialmente, a partir das 16h. Entre os principais assuntos da pauta est\u00e3o projetos de lei voltados \u00e0 inclus\u00e3o social, direitos das mulheres e reconhecimento de datas importantes no calend\u00e1rio municipal.<\/p>\n\n\n\n<figure class=\"wp-block-image is-resized\"><img loading=\"lazy\" decoding=\"async\" width=\"768\" height=\"576\" src=\"https:\/\/tvtecjundiai.com.br\/news\/wp-content\/uploads\/sites\/2\/2025\/05\/image-27-1.png\" alt=\"\" class=\"wp-image-128158\" style=\"aspect-ratio:1.333342375823997;width:840px;height:auto\" srcset=\"https:\/\/tvtecjundiai.com.br\/news\/wp-content\/uploads\/sites\/2\/2025\/05\/image-27-1.png 768w, https:\/\/tvtecjundiai.com.br\/news\/wp-content\/uploads\/sites\/2\/2025\/05\/image-27-1-300x225.png 300w\" sizes=\"auto, (max-width: 768px) 100vw, 768px\" \/><figcaption class=\"wp-element-caption\">C\u00e2mara Municipal de Jundia\u00ed fica na Rua Bar\u00e3o de Jundia\u00ed, 128 \u2013 Centro. Sess\u00e3o \u00e9 aberta para a popula\u00e7\u00e3o. (Foto: Divulga\u00e7\u00e3o)<br><br>Um dos destaques \u00e9 o Projeto de Lei n\u00ba 14520\/2025, de autoria do vereador Rodrigo Guarnieri Albino, que prop\u00f5e a cria\u00e7\u00e3o do \u201cPrograma Palmirinha\u201d. A iniciativa prev\u00ea a realiza\u00e7\u00e3o de oficinas de culin\u00e1ria e empreendedorismo voltadas a mulheres idosas em situa\u00e7\u00e3o de vulnerabilidade.<\/figcaption><\/figure>\n\n\n\n<p>Tamb\u00e9m ser\u00e1 discutido o Projeto de Lei n\u00ba 14865\/2025, apresentado pelo vereador Dika Xique Xique, que institui o \u201cDia do Orgulho Autista\u201d, a ser celebrado em 18 de junho, com inclus\u00e3o no calend\u00e1rio oficial do munic\u00edpio.<\/p>\n\n\n\n<p>Outro item na pauta \u00e9 o Projeto de Lei n\u00ba 15162\/2026, de autoria do Executivo, que prop\u00f5e altera\u00e7\u00f5es na legisla\u00e7\u00e3o que criou o Conselho Municipal dos Direitos da Mulher. A mudan\u00e7a busca ampliar a democratiza\u00e7\u00e3o e a pluralidade na composi\u00e7\u00e3o do \u00f3rg\u00e3o.<\/p>\n\n\n\n<p>Al\u00e9m dos projetos, a sess\u00e3o contar\u00e1 com a apresenta\u00e7\u00e3o de mo\u00e7\u00f5es sobre diferentes temas de interesse p\u00fablico. A popula\u00e7\u00e3o pode acessar, a partir de toda sexta-feira, as pautas completas das sess\u00f5es por meio do site oficial da C\u00e2mara, na se\u00e7\u00e3o de <a href=\"https:\/\/jundiai.sp.leg.br\/atividade-legislativa\/pautas-das-sessoes\" data-type=\"link\" data-id=\"https:\/\/jundiai.sp.leg.br\/atividade-legislativa\/pautas-das-sessoes\">sess\u00f5es plen\u00e1rias<\/a>.<\/p>\n\n\n\n<p><strong>Cobertura no TECNEWS<\/strong><\/p>\n\n\n\n<p> Os principais desdobramentos da sess\u00e3o ser\u00e3o repercutidos na quarta-feira (18), durante o TECNEWS. O p\u00fablico pode acompanhar pelo canal 24 da Claro TV ou pelas redes sociais da TVTEC Jundia\u00ed, no YouTube e Facebook.<\/p>\n\n\n\n<p><\/p>\n\n\n\n<p>Fonte: Reda\u00e7\u00e3o TVTEC <\/p>\n","protected":false},"excerpt":{"rendered":"<p>Reuni\u00e3o parlamentar tem in\u00edcio \u00e0s 16h<\/p>\n","protected":false},"author":24,"featured_media":135110,"comment_status":"closed","ping_status":"0","sticky":false,"template":"","format":"standard","meta":{"footnotes":""},"categories":[29],"tags":[],"class_list":["post-135108","post","type-post","status-publish","format-standard","has-post-thumbnail","hentry","category-destaque"],"_links":{"self":[{"href":"https:\/\/tvtecjundiai.com.br\/news\/wp-json\/wp\/v2\/posts\/135108","targetHints":{"allow":["GET"]}}],"collection":[{"href":"https:\/\/tvtecjundiai.com.br\/news\/wp-json\/wp\/v2\/posts"}],"about":[{"href":"https:\/\/tvtecjundiai.com.br\/news\/wp-json\/wp\/v2\/types\/post"}],"author":[{"embeddable":true,"href":"https:\/\/tvtecjundiai.com.br\/news\/wp-json\/wp\/v2\/users\/24"}],"replies":[{"embeddable":true,"href":"https:\/\/tvtecjundiai.com.br\/news\/wp-json\/wp\/v2\/comments?post=135108"}],"version-history":[{"count":1,"href":"https:\/\/tvtecjundiai.com.br\/news\/wp-json\/wp\/v2\/posts\/135108\/revisions"}],"predecessor-version":[{"id":135112,"href":"https:\/\/tvtecjundiai.com.br\/news\/wp-json\/wp\/v2\/posts\/135108\/revisions\/135112"}],"wp:featuredmedia":[{"embeddable":true,"href":"https:\/\/tvtecjundiai.com.br\/news\/wp-json\/wp\/v2\/media\/135110"}],"wp:attachment":[{"href":"https:\/\/tvtecjundiai.com.br\/news\/wp-json\/wp\/v2\/media?parent=135108"}],"wp:term":[{"taxonomy":"category","embeddable":true,"href":"https:\/\/tvtecjundiai.com.br\/news\/wp-json\/wp\/v2\/categories?post=135108"},{"taxonomy":"post_tag","embeddable":true,"href":"https:\/\/tvtecjundiai.com.br\/news\/wp-json\/wp\/v2\/tags?post=135108"}],"curies":[{"name":"wp","href":"https:\/\/api.w.org\/{rel}","templated":true}]}}