{"id":135116,"date":"2026-03-17T13:20:35","date_gmt":"2026-03-17T16:20:35","guid":{"rendered":"https:\/\/tvtecjundiai.com.br\/news\/?p=135116"},"modified":"2026-03-17T15:29:04","modified_gmt":"2026-03-17T18:29:04","slug":"paulista-cria-caravana-para-levar-torcedores-a-jogo-decisivo-em-catanduva","status":"publish","type":"post","link":"https:\/\/tvtecjundiai.com.br\/news\/2026\/03\/17\/paulista-cria-caravana-para-levar-torcedores-a-jogo-decisivo-em-catanduva\/","title":{"rendered":"Paulista cria caravana para levar torcedores a jogo decisivo em Catanduva"},"content":{"rendered":"<div class=\"wp-block-image\">\n<figure class=\"aligncenter size-large is-resized\"><img loading=\"lazy\" decoding=\"async\" width=\"768\" height=\"960\" src=\"https:\/\/tvtecjundiai.com.br\/news\/wp-content\/uploads\/sites\/2\/2026\/03\/image-20-768x960.png\" alt=\"\" class=\"wp-image-135117\" style=\"width:840px;height:auto\" srcset=\"https:\/\/tvtecjundiai.com.br\/news\/wp-content\/uploads\/sites\/2\/2026\/03\/image-20-768x960.png 768w, https:\/\/tvtecjundiai.com.br\/news\/wp-content\/uploads\/sites\/2\/2026\/03\/image-20-300x375.png 300w, https:\/\/tvtecjundiai.com.br\/news\/wp-content\/uploads\/sites\/2\/2026\/03\/image-20.png 1080w\" sizes=\"auto, (max-width: 768px) 100vw, 768px\" \/><figcaption class=\"wp-element-caption\">(Imagem: Paulista FC)<\/figcaption><\/figure>\n<\/div>\n\n\n<p>O Paulista confirmou a realiza\u00e7\u00e3o da Caravana do Galo, iniciativa que levar\u00e1 torcedores para apoiar a equipe no jogo que decidir\u00e1 a classifica\u00e7\u00e3o do Paulista para o mata-mata da S\u00e9rie A3, contra o Catanduva. Para passar \u00e0 pr\u00f3xima fase e manter o sonho do acesso vivo, o Tricolor Jundiaiense precisa obrigatoriamente vencer o jogo.<\/p>\n\n\n\n<p> A a\u00e7\u00e3o busca refor\u00e7ar a presen\u00e7a da torcida nas arquibancadas e fortalecer o apoio ao time em um momento importante da competi\u00e7\u00e3o.<\/p>\n\n\n\n<p>A sa\u00edda da caravana est\u00e1 marcada para \u00e0s 8h de s\u00e1bado (21), em frente ao Est\u00e1dio Dr. Jayme Cintra, com destino \u00e0 Catanduva. O valor para participar \u00e9 de R$ 10 e as vagas s\u00e3o limitadas.<\/p>\n\n\n\n<p>A iniciativa refor\u00e7a a tradicional conex\u00e3o entre o Paulista e sua torcida, conhecida por acompanhar o clube dentro e fora de casa. A expectativa \u00e9 de que os torcedores transformem o setor visitante em mais um ponto de apoio para o Galo na busca por seus objetivos na temporada.<\/p>\n\n\n<div class=\"wp-block-image\">\n<figure class=\"aligncenter size-full\"><img loading=\"lazy\" decoding=\"async\" width=\"1024\" height=\"683\" src=\"https:\/\/tvtecjundiai.com.br\/news\/wp-content\/uploads\/sites\/2\/2026\/03\/image-22.png\" alt=\"\" class=\"wp-image-135120\" srcset=\"https:\/\/tvtecjundiai.com.br\/news\/wp-content\/uploads\/sites\/2\/2026\/03\/image-22.png 1024w, https:\/\/tvtecjundiai.com.br\/news\/wp-content\/uploads\/sites\/2\/2026\/03\/image-22-300x200.png 300w, https:\/\/tvtecjundiai.com.br\/news\/wp-content\/uploads\/sites\/2\/2026\/03\/image-22-768x512.png 768w\" sizes=\"auto, (max-width: 1024px) 100vw, 1024px\" \/><figcaption class=\"wp-element-caption\">Terceira camisa do Galo faz refer\u00eancia \u00e0 fala hist\u00f3rica de Giba sobre a torcida do clube. <br>(Imagem: Paulista FC)<\/figcaption><\/figure>\n<\/div>\n\n\n<p>A expectativa \u00e9 de mais uma grande mobiliza\u00e7\u00e3o da torcida, refor\u00e7ando a for\u00e7a do Galo de Jundia\u00ed tamb\u00e9m longe de casa.<\/p>\n\n\n\n<p><strong>Texto por: Reda\u00e7\u00e3o TVTEC Jundia\u00ed<\/strong><\/p>\n","protected":false},"excerpt":{"rendered":"<p>Caravana custa 10R$ e tem como objetivo apoiar o Galo rumo \u00e0 classifica\u00e7\u00e3o ao mata-mata da A3<\/p>\n","protected":false},"author":24,"featured_media":135122,"comment_status":"closed","ping_status":"0","sticky":false,"template":"","format":"standard","meta":{"footnotes":""},"categories":[29,2827,8428,1],"tags":[],"class_list":["post-135116","post","type-post","status-publish","format-standard","has-post-thumbnail","hentry","category-destaque","category-esportes-e-lazer","category-futebol","category-noticias"],"_links":{"self":[{"href":"https:\/\/tvtecjundiai.com.br\/news\/wp-json\/wp\/v2\/posts\/135116","targetHints":{"allow":["GET"]}}],"collection":[{"href":"https:\/\/tvtecjundiai.com.br\/news\/wp-json\/wp\/v2\/posts"}],"about":[{"href":"https:\/\/tvtecjundiai.com.br\/news\/wp-json\/wp\/v2\/types\/post"}],"author":[{"embeddable":true,"href":"https:\/\/tvtecjundiai.com.br\/news\/wp-json\/wp\/v2\/users\/24"}],"replies":[{"embeddable":true,"href":"https:\/\/tvtecjundiai.com.br\/news\/wp-json\/wp\/v2\/comments?post=135116"}],"version-history":[{"count":2,"href":"https:\/\/tvtecjundiai.com.br\/news\/wp-json\/wp\/v2\/posts\/135116\/revisions"}],"predecessor-version":[{"id":135127,"href":"https:\/\/tvtecjundiai.com.br\/news\/wp-json\/wp\/v2\/posts\/135116\/revisions\/135127"}],"wp:featuredmedia":[{"embeddable":true,"href":"https:\/\/tvtecjundiai.com.br\/news\/wp-json\/wp\/v2\/media\/135122"}],"wp:attachment":[{"href":"https:\/\/tvtecjundiai.com.br\/news\/wp-json\/wp\/v2\/media?parent=135116"}],"wp:term":[{"taxonomy":"category","embeddable":true,"href":"https:\/\/tvtecjundiai.com.br\/news\/wp-json\/wp\/v2\/categories?post=135116"},{"taxonomy":"post_tag","embeddable":true,"href":"https:\/\/tvtecjundiai.com.br\/news\/wp-json\/wp\/v2\/tags?post=135116"}],"curies":[{"name":"wp","href":"https:\/\/api.w.org\/{rel}","templated":true}]}}