{"id":135124,"date":"2026-03-17T15:06:10","date_gmt":"2026-03-17T18:06:10","guid":{"rendered":"https:\/\/tvtecjundiai.com.br\/news\/?p=135124"},"modified":"2026-03-17T15:06:10","modified_gmt":"2026-03-17T18:06:10","slug":"no-grendacc-pequeno-kaua-festeja-sua-vitoria-contra-o-cancer","status":"publish","type":"post","link":"https:\/\/tvtecjundiai.com.br\/news\/2026\/03\/17\/no-grendacc-pequeno-kaua-festeja-sua-vitoria-contra-o-cancer\/","title":{"rendered":"No Grendacc, pequeno Kau\u00e3 festeja sua vit\u00f3ria contra o c\u00e2ncer"},"content":{"rendered":"\n<p>Nesta ter\u00e7a-feira (17), o Grendacc celebrou o quarto sino da vit\u00f3ria de 2026, e o protagonista foi Kau\u00e3 Henrique Gon\u00e7alves Pernas, de apenas 7 anos. Em novembro de 2024, ele iniciou um tratamento desafiador contra um Sarcoma de Ewing. Foram meses de quimioterapia e uma cirurgia, mas Kau\u00e3 venceu a doen\u00e7a e conquistou todos no Grendacc com sua simpatia e carisma.<\/p>\n\n\n\n<p>Ao lado dos pais, Elisangela Dias Gon\u00e7alves e Francisco Pernas Neto, e de toda a equipe do Grendacc, Kau\u00e3 tocou o sino de vit\u00f3ria com muita alegria e comemorou o final do tratamento efetivo. A celebra\u00e7\u00e3o contou com bexigas do Corinthians, seu time do cora\u00e7\u00e3o, e muitas palmas para o pequeno paciente. A partir de agora, seguir\u00e1 em acompanhamento na institui\u00e7\u00e3o, realizando exames e consultas peri\u00f3dicas.<\/p>\n\n\n\n<figure class=\"wp-block-image size-large is-resized\"><img loading=\"lazy\" decoding=\"async\" width=\"720\" height=\"960\" src=\"https:\/\/tvtecjundiai.com.br\/news\/wp-content\/uploads\/sites\/2\/2026\/03\/WhatsApp-Image-2026-03-17-at-14.56.58-720x960.jpeg\" alt=\"\" class=\"wp-image-135125\" style=\"width:497px;height:auto\" \/><\/figure>\n\n\n\n<p>A m\u00e9dica oncologista pedi\u00e1trica Silvana Forsait, acompanhada da colega Priscilla Proeti, destacou a for\u00e7a do pequeno paciente: \u201cO sino do Kau\u00e3 \u00e9 muito especial. Ele enfrentou momentos dif\u00edceis, passou por cirurgia, mas nunca perdeu a esperan\u00e7a. Hoje celebramos essa vit\u00f3ria. O Kau\u00e3 est\u00e1 \u00f3timo, correndo, brincando, voltando para a escola e seguir\u00e1 em acompanhamento conosco.\u201d<\/p>\n\n\n\n<p>Emocionada, a m\u00e3e, Elis\u00e2ngela, agradeceu \u00e0 equipe: \u201cS\u00f3 entendi a import\u00e2ncia do Grendacc quando cheguei aqui. N\u00f3s fomos acolhidos. N\u00e3o apenas o meu filho, mas a minha fam\u00edlia. Por isso vou levar cada um de voc\u00eas no meu cora\u00e7\u00e3o para toda a vida\u201d, afirmou. J\u00e1 o pai, Francisco, fez quest\u00e3o de agradecer primeiro a Deus e depois \u00e0s m\u00e9dicas e a toda a equipe pelo cuidado e dedica\u00e7\u00e3o.<\/p>\n\n\n\n<p>O Grendacc<\/p>\n\n\n\n<p>O Grendacc (Grupo em Defesa da Crian\u00e7a com C\u00e2ncer) \u00e9 uma institui\u00e7\u00e3o filantr\u00f3pica, sem fins lucrativos, fundada em 18 de julho de 1995, que presta atendimento humanizado, de qualidade e integral para crian\u00e7as e adolescentes de 0 a 19 anos, nas mais diversas especialidades pedi\u00e1tricas, com \u00eanfase no tratamento de doen\u00e7as oncol\u00f3gicas.<\/p>\n","protected":false},"excerpt":{"rendered":"<p>Foram meses de quimioterapia e uma cirurgia, mas Kau\u00e3 venceu a doen\u00e7a e conquistou todos no Grendacc com sua simpatia e carisma<\/p>\n","protected":false},"author":24,"featured_media":135125,"comment_status":"closed","ping_status":"0","sticky":false,"template":"","format":"standard","meta":{"footnotes":""},"categories":[29],"tags":[],"class_list":["post-135124","post","type-post","status-publish","format-standard","has-post-thumbnail","hentry","category-destaque"],"_links":{"self":[{"href":"https:\/\/tvtecjundiai.com.br\/news\/wp-json\/wp\/v2\/posts\/135124","targetHints":{"allow":["GET"]}}],"collection":[{"href":"https:\/\/tvtecjundiai.com.br\/news\/wp-json\/wp\/v2\/posts"}],"about":[{"href":"https:\/\/tvtecjundiai.com.br\/news\/wp-json\/wp\/v2\/types\/post"}],"author":[{"embeddable":true,"href":"https:\/\/tvtecjundiai.com.br\/news\/wp-json\/wp\/v2\/users\/24"}],"replies":[{"embeddable":true,"href":"https:\/\/tvtecjundiai.com.br\/news\/wp-json\/wp\/v2\/comments?post=135124"}],"version-history":[{"count":1,"href":"https:\/\/tvtecjundiai.com.br\/news\/wp-json\/wp\/v2\/posts\/135124\/revisions"}],"predecessor-version":[{"id":135126,"href":"https:\/\/tvtecjundiai.com.br\/news\/wp-json\/wp\/v2\/posts\/135124\/revisions\/135126"}],"wp:featuredmedia":[{"embeddable":true,"href":"https:\/\/tvtecjundiai.com.br\/news\/wp-json\/wp\/v2\/media\/135125"}],"wp:attachment":[{"href":"https:\/\/tvtecjundiai.com.br\/news\/wp-json\/wp\/v2\/media?parent=135124"}],"wp:term":[{"taxonomy":"category","embeddable":true,"href":"https:\/\/tvtecjundiai.com.br\/news\/wp-json\/wp\/v2\/categories?post=135124"},{"taxonomy":"post_tag","embeddable":true,"href":"https:\/\/tvtecjundiai.com.br\/news\/wp-json\/wp\/v2\/tags?post=135124"}],"curies":[{"name":"wp","href":"https:\/\/api.w.org\/{rel}","templated":true}]}}