{"id":135128,"date":"2026-03-17T16:08:17","date_gmt":"2026-03-17T19:08:17","guid":{"rendered":"https:\/\/tvtecjundiai.com.br\/news\/?p=135128"},"modified":"2026-03-17T16:08:17","modified_gmt":"2026-03-17T19:08:17","slug":"prefeitura-de-jundiai-abre-inscricoes-para-aulas-gratuitas-do-peama-no-dia-23-de-marco","status":"publish","type":"post","link":"https:\/\/tvtecjundiai.com.br\/news\/2026\/03\/17\/prefeitura-de-jundiai-abre-inscricoes-para-aulas-gratuitas-do-peama-no-dia-23-de-marco\/","title":{"rendered":"Prefeitura de Jundia\u00ed abre inscri\u00e7\u00f5es para aulas gratuitas do PEAMA no dia 23 de mar\u00e7o"},"content":{"rendered":"\n<p>A Prefeitura de Jundia\u00ed, por meio da Secretaria Municipal de Esporte e Lazer (SMEL), abre no pr\u00f3ximo dia 23 (segunda-feira), \u00e0s 9h, as inscri\u00e7\u00f5es para as aulas gratuitas das 16 modalidades do Programa de Esportes e Atividades Motoras Adaptadas (PEAMA), vinculado ao Departamento de Esporte Adaptado (DEA). Os interessados t\u00eam que residir em Jundia\u00ed. Devem acessar o site da Prefeitura, clicar em \u201cServi\u00e7os Mais Acessados\u201d e, em seguida, no \u00edcone \u201cPEAMA 2026 \u2013 Entrevista\u201d.<\/p>\n\n\n\n<figure class=\"wp-block-image size-large is-resized\"><img loading=\"lazy\" decoding=\"async\" width=\"1200\" height=\"801\" src=\"https:\/\/tvtecjundiai.com.br\/news\/wp-content\/uploads\/sites\/2\/2026\/03\/natacao_peama_d-55-1-1200x801.jpg\" alt=\"\" class=\"wp-image-135129\" style=\"aspect-ratio:1.4981607401627466;width:659px;height:auto\" srcset=\"https:\/\/tvtecjundiai.com.br\/news\/wp-content\/uploads\/sites\/2\/2026\/03\/natacao_peama_d-55-1-1200x801.jpg 1200w, https:\/\/tvtecjundiai.com.br\/news\/wp-content\/uploads\/sites\/2\/2026\/03\/natacao_peama_d-55-1-300x200.jpg 300w, https:\/\/tvtecjundiai.com.br\/news\/wp-content\/uploads\/sites\/2\/2026\/03\/natacao_peama_d-55-1-768x512.jpg 768w, https:\/\/tvtecjundiai.com.br\/news\/wp-content\/uploads\/sites\/2\/2026\/03\/natacao_peama_d-55-1.jpg 1280w\" sizes=\"auto, (max-width: 1200px) 100vw, 1200px\" \/><\/figure>\n\n\n\n<p>A inscri\u00e7\u00e3o poder\u00e1 ser feita at\u00e9 o meio-dia de 6 de abril. O passo seguinte do processo \u00e9 o sorteio eletr\u00f4nico dos alunos, que ocorrer\u00e1 no dia 14, \u00e0s 14h, no Audit\u00f3rio do 8\u00ba andar do Pa\u00e7o Municipal. O evento poder\u00e1 ser acompanhado presencialmente, mas isso n\u00e3o \u00e9 obrigat\u00f3rio e n\u00e3o excluir\u00e1 quem n\u00e3o comparecer. Podem pleitear vagas pessoas com defici\u00eancia f\u00edsica, intelectual, visual, auditiva, com Transtorno do Espectro Autista (TEA) e transtornos mentais nascidas at\u00e9 2020, ou seja, que completam seis anos em 2026. A publica\u00e7\u00e3o das listas dos sorteados ser\u00e1 feita no dia 24 de abril.<\/p>\n\n\n\n<p>As 16 modalidades do programa s\u00e3o: t\u00eanis de campo, atletismo, futsal, nata\u00e7\u00e3o, Escola da Bola, ciclismo, bocha, capoeira, dan\u00e7a, goalball, karat\u00ea, caminhada, corrida de rua, atividades n\u00e1uticas, muscula\u00e7\u00e3o e gin\u00e1stica r\u00edtmica.<\/p>\n\n\n\n<p>Mais informa\u00e7\u00f5es sobre as inscri\u00e7\u00f5es para as aulas do PEAMA podem ser obtidas pelo e-mail&nbsp;<a href=\"mailto:peama@jundiai.sp.gov.br\">peama@jundiai.sp.gov.br&nbsp;<\/a>ou pelos telefones (11) 4589-9444 e (11) 99569-7409 (WhatsApp).<\/p>\n","protected":false},"excerpt":{"rendered":"<p>Os interessados t\u00eam que residir em Jundia\u00ed. Devem acessar o site da Prefeitura, clicar em \u201cServi\u00e7os Mais Acessados\u201d e, em seguida, no \u00edcone \u201cPEAMA 2026 \u2013 Entrevista\u201d<\/p>\n","protected":false},"author":24,"featured_media":135130,"comment_status":"closed","ping_status":"0","sticky":false,"template":"","format":"standard","meta":{"footnotes":""},"categories":[29],"tags":[],"class_list":["post-135128","post","type-post","status-publish","format-standard","has-post-thumbnail","hentry","category-destaque"],"_links":{"self":[{"href":"https:\/\/tvtecjundiai.com.br\/news\/wp-json\/wp\/v2\/posts\/135128","targetHints":{"allow":["GET"]}}],"collection":[{"href":"https:\/\/tvtecjundiai.com.br\/news\/wp-json\/wp\/v2\/posts"}],"about":[{"href":"https:\/\/tvtecjundiai.com.br\/news\/wp-json\/wp\/v2\/types\/post"}],"author":[{"embeddable":true,"href":"https:\/\/tvtecjundiai.com.br\/news\/wp-json\/wp\/v2\/users\/24"}],"replies":[{"embeddable":true,"href":"https:\/\/tvtecjundiai.com.br\/news\/wp-json\/wp\/v2\/comments?post=135128"}],"version-history":[{"count":1,"href":"https:\/\/tvtecjundiai.com.br\/news\/wp-json\/wp\/v2\/posts\/135128\/revisions"}],"predecessor-version":[{"id":135131,"href":"https:\/\/tvtecjundiai.com.br\/news\/wp-json\/wp\/v2\/posts\/135128\/revisions\/135131"}],"wp:featuredmedia":[{"embeddable":true,"href":"https:\/\/tvtecjundiai.com.br\/news\/wp-json\/wp\/v2\/media\/135130"}],"wp:attachment":[{"href":"https:\/\/tvtecjundiai.com.br\/news\/wp-json\/wp\/v2\/media?parent=135128"}],"wp:term":[{"taxonomy":"category","embeddable":true,"href":"https:\/\/tvtecjundiai.com.br\/news\/wp-json\/wp\/v2\/categories?post=135128"},{"taxonomy":"post_tag","embeddable":true,"href":"https:\/\/tvtecjundiai.com.br\/news\/wp-json\/wp\/v2\/tags?post=135128"}],"curies":[{"name":"wp","href":"https:\/\/api.w.org\/{rel}","templated":true}]}}