{"id":135132,"date":"2026-03-17T18:00:00","date_gmt":"2026-03-17T21:00:00","guid":{"rendered":"https:\/\/tvtecjundiai.com.br\/news\/?p=135132"},"modified":"2026-03-17T16:20:29","modified_gmt":"2026-03-17T19:20:29","slug":"voce-parou-de-estudar","status":"publish","type":"post","link":"https:\/\/tvtecjundiai.com.br\/news\/2026\/03\/17\/voce-parou-de-estudar\/","title":{"rendered":"Voc\u00ea parou de estudar?"},"content":{"rendered":"\n<p><strong>A import\u00e2ncia do desenvolvimento cont\u00ednuo para profissionais e dicas de como fazer isso<\/strong><\/p>\n\n\n\n<p class=\"has-text-align-center\"><em>Se voc\u00ea para, voc\u00ea fica estagnado e um profissional estagnado no tempo vai para o \u00faltimo lugar da fila, destaca Marcelo Thieme. Acompanhe!<\/em><\/p>\n\n\n\n<p>Em um mercado cada vez mais din\u00e2mico, marcado por avan\u00e7os tecnol\u00f3gicos r\u00e1pidos, mudan\u00e7as de comportamento e novas exig\u00eancias profissionais, parar de estudar deixou de ser apenas uma escolha pessoal para se tornar um risco de carreira.<br><br>Dados do F\u00f3rum Econ\u00f4mico Mundial (WEF) indicam que mais de 59% dos profissionais precisar\u00e3o atualizar significativamente suas compet\u00eancias nos pr\u00f3ximos anos para se manterem relevantes. Dessa forma, o desenvolvimento cont\u00ednuo surge como um diferencial competitivo essencial.<br><br>Para&nbsp;Marcelo Thieme, mentor estrat\u00e9gico, empres\u00e1rio e engenheiro qu\u00edmico, o aprendizado constante \u00e9 uma condi\u00e7\u00e3o b\u00e1sica para quem deseja crescer profissionalmente. \u201cO mercado valoriza quem aprende, se adapta e consegue gerar solu\u00e7\u00f5es novas\u201d, afirma Thieme.<\/p>\n\n\n<div class=\"wp-block-image\">\n<figure class=\"aligncenter size-full is-resized\"><img loading=\"lazy\" decoding=\"async\" width=\"740\" height=\"493\" src=\"https:\/\/tvtecjundiai.com.br\/news\/wp-content\/uploads\/sites\/2\/2026\/03\/noticias-estudo-1.jpeg\" alt=\"\" class=\"wp-image-135137\" style=\"width:571px;height:auto\" srcset=\"https:\/\/tvtecjundiai.com.br\/news\/wp-content\/uploads\/sites\/2\/2026\/03\/noticias-estudo-1.jpeg 740w, https:\/\/tvtecjundiai.com.br\/news\/wp-content\/uploads\/sites\/2\/2026\/03\/noticias-estudo-1-300x200.jpeg 300w\" sizes=\"auto, (max-width: 740px) 100vw, 740px\" \/><\/figure>\n<\/div>\n\n\n<p><\/p>\n\n\n\n<p><strong>A import\u00e2ncia de se manter atualizado<br><\/strong>Manter-se atualizado n\u00e3o significa apenas acumular certificados, mas buscar experi\u00eancias que ampliem vis\u00e3o estrat\u00e9gica, intelig\u00eancia emocional e capacidade de tomada de decis\u00e3o.<br><br>Marcelo Thieme vive na pr\u00e1tica essa mentalidade, participando frequentemente de Master Minds e j\u00e1 esteve em diversas imers\u00f5es de desenvolvimento emocional, Programa\u00e7\u00e3o Neurolingu\u00edstica (PNL), vendas e marketing, em centros como S\u00e3o Paulo, Santa Catarina e Bras\u00edlia, sempre com foco em aprimorar sua atua\u00e7\u00e3o como mentor e estrategista.<br><br>Em fevereiro deste ano, Marcelo participou da mentoria de Michel Moreno, da Imers\u00e3o CORE e da inaugura\u00e7\u00e3o da ONE \u2013 Network for Experts, iniciativas que re\u00fanem profissionais de diferentes \u00e1reas para troca de conhecimento, aprofundamento t\u00e9cnico e constru\u00e7\u00e3o de vis\u00e3o sist\u00eamica sobre neg\u00f3cios e performance.<br><br>\u201cProfissionais que investem em aprendizado cont\u00ednuo tendem a antecipar mudan\u00e7as, tomar decis\u00f5es mais conscientes e liderar melhor equipes e projetos. O conhecimento amplia repert\u00f3rio e reduz o improviso. Quem estuda, erra menos e evolui mais r\u00e1pido\u201d, refor\u00e7a.<\/p>\n\n\n\n<p><strong>5 dicas de Marcelo Thieme para o desenvolvimento profissional cont\u00ednuo:<\/strong><\/p>\n\n\n\n<p><strong>1 &#8211; Estude al\u00e9m da sua \u00e1rea t\u00e9cnica<\/strong><br>Buscar conhecimentos em comportamento humano, gest\u00e3o e estrat\u00e9gia amplia a capacidade de resolver problemas complexos, s\u00e3o soft skills(habilidades sociais) muito importantes e que podem ser desenvolvidas com o estudo cont\u00ednuo;<br><br><strong>2 &#8211; Participe de ambientes de troca qualificada<br><\/strong>Estar presente sempre que poss\u00edvel em Master Minds, em mentorias, palestras, eventos do seu segmento e imers\u00f5es aceleram o aprendizado ao permitir contato com experi\u00eancias reais de outros profissionais;<br><br><strong>3 &#8211; Atualize-se de forma constante, n\u00e3o pontual<br><\/strong>O desenvolvimento precisa ser cont\u00ednuo, n\u00e3o apenas em momentos de crise ou transi\u00e7\u00e3o de carreira, n\u00e3o adianta ser intenso, se for excessivamente curto;<br><br><strong>4 &#8211; Invista em autoconhecimento<br><\/strong>Voc\u00ea realmente se conhece? Isso \u00e9 um diferencial fundamental na vida profissional atualmente. Desenvolvimento emocional e clareza de valores impactam diretamente na performance profissional e nos seus resultados;<br><br><strong>5 &#8211; Transforme conhecimento em pr\u00e1tica<br><\/strong>\u201cAprender s\u00f3 faz sentido quando gera mudan\u00e7a de comportamento, melhores decis\u00f5es e resultados concretos. Em um mercado que muda rapidamente, a mensagem \u00e9 clara, quem aprende continuamente n\u00e3o apenas acompanha o ritmo das transforma\u00e7\u00f5es, mas passa a lider\u00e1-las\u201d, destaca Marcelo Thieme.<\/p>\n\n\n\n<p><strong>Perfil<\/strong><\/p>\n\n\n\n<figure class=\"wp-block-image size-large is-resized\"><img loading=\"lazy\" decoding=\"async\" width=\"641\" height=\"960\" src=\"https:\/\/tvtecjundiai.com.br\/news\/wp-content\/uploads\/sites\/2\/2026\/03\/Marcelo-Thieme-641x960.jpeg\" alt=\"\" class=\"wp-image-135133\" style=\"width:256px;height:auto\" srcset=\"https:\/\/tvtecjundiai.com.br\/news\/wp-content\/uploads\/sites\/2\/2026\/03\/Marcelo-Thieme-641x960.jpeg 641w, https:\/\/tvtecjundiai.com.br\/news\/wp-content\/uploads\/sites\/2\/2026\/03\/Marcelo-Thieme-300x449.jpeg 300w, https:\/\/tvtecjundiai.com.br\/news\/wp-content\/uploads\/sites\/2\/2026\/03\/Marcelo-Thieme-768x1151.jpeg 768w, https:\/\/tvtecjundiai.com.br\/news\/wp-content\/uploads\/sites\/2\/2026\/03\/Marcelo-Thieme-1025x1536.jpeg 1025w, https:\/\/tvtecjundiai.com.br\/news\/wp-content\/uploads\/sites\/2\/2026\/03\/Marcelo-Thieme.jpeg 1068w\" sizes=\"auto, (max-width: 641px) 100vw, 641px\" \/><\/figure>\n\n\n\n<p><strong><em>Marcelo\u00a0Thieme\u00a0(Arquivo Pessoal\/IMF Press Global)\u00a0<\/em><\/strong><\/p>\n\n\n\n<p>Marcelo&nbsp;Thieme&nbsp;\u00e9 engenheiro qu\u00edmico, empres\u00e1rio e mentor estrat\u00e9gico com atua\u00e7\u00e3o nas interse\u00e7\u00f5es entre biohacking, comportamento humano e performance organizacional. Ex-engenheiro da Unilever, consolidou experi\u00eancia em ambientes industriais de alta complexidade, com \u00eanfase em processos, insumos e cadeia de valor. Atualmente, \u00e9 revendedor autorizado da Oswaldo Cruz Qu\u00edmica e atua no fornecimento t\u00e9cnico de mat\u00e9ria-prima para fabrica\u00e7\u00e3o de chapas acr\u00edlicas e pol\u00edmeros industriais.<br>Estudioso de neuroci\u00eancia aplicada, psicodin\u00e2mica estrat\u00e9gica e estruturas de decis\u00e3o empresarial, desenvolveu um modelo pr\u00f3prio de orienta\u00e7\u00e3o funcional para profissionais e gestores, unindo engenharia de sistemas, comportamento humano e crescimento organizacional orientado por dados.<br>Como mentor, estrutura jornadas de evolu\u00e7\u00e3o t\u00e9cnica e financeira com foco em posicionamento funcional, gest\u00e3o de mentalidade e arquitetura de performance replic\u00e1vel. Atua com base em princ\u00edpios de engenharia interpret\u00e1vel, intelig\u00eancia aplicada e influ\u00eancia simb\u00f3lica.<\/p>\n\n\n\n<p><strong><em>Fonte: MF Press Global<\/em><\/strong><br><strong><em>Marcelo\u00a0Thieme\u00a0(Arquivo Pessoal\/IMF Press Global)\u00a0<\/em><\/strong><\/p>\n","protected":false},"excerpt":{"rendered":"<p>A import\u00e2ncia do desenvolvimento cont\u00ednuo para profissionais e dicas de como fazer isso Se voc\u00ea para, voc\u00ea fica estagnado e um profissional estagnado no tempo vai para o \u00faltimo lugar da fila, destaca Marcelo Thieme. Acompanhe! Em um mercado cada vez mais din\u00e2mico, marcado por avan\u00e7os tecnol\u00f3gicos r\u00e1pidos, mudan\u00e7as de comportamento e novas exig\u00eancias profissionais, [&hellip;]<\/p>\n","protected":false},"author":24,"featured_media":135134,"comment_status":"closed","ping_status":"0","sticky":false,"template":"","format":"standard","meta":{"footnotes":""},"categories":[29],"tags":[],"class_list":["post-135132","post","type-post","status-publish","format-standard","has-post-thumbnail","hentry","category-destaque"],"_links":{"self":[{"href":"https:\/\/tvtecjundiai.com.br\/news\/wp-json\/wp\/v2\/posts\/135132","targetHints":{"allow":["GET"]}}],"collection":[{"href":"https:\/\/tvtecjundiai.com.br\/news\/wp-json\/wp\/v2\/posts"}],"about":[{"href":"https:\/\/tvtecjundiai.com.br\/news\/wp-json\/wp\/v2\/types\/post"}],"author":[{"embeddable":true,"href":"https:\/\/tvtecjundiai.com.br\/news\/wp-json\/wp\/v2\/users\/24"}],"replies":[{"embeddable":true,"href":"https:\/\/tvtecjundiai.com.br\/news\/wp-json\/wp\/v2\/comments?post=135132"}],"version-history":[{"count":4,"href":"https:\/\/tvtecjundiai.com.br\/news\/wp-json\/wp\/v2\/posts\/135132\/revisions"}],"predecessor-version":[{"id":135139,"href":"https:\/\/tvtecjundiai.com.br\/news\/wp-json\/wp\/v2\/posts\/135132\/revisions\/135139"}],"wp:featuredmedia":[{"embeddable":true,"href":"https:\/\/tvtecjundiai.com.br\/news\/wp-json\/wp\/v2\/media\/135134"}],"wp:attachment":[{"href":"https:\/\/tvtecjundiai.com.br\/news\/wp-json\/wp\/v2\/media?parent=135132"}],"wp:term":[{"taxonomy":"category","embeddable":true,"href":"https:\/\/tvtecjundiai.com.br\/news\/wp-json\/wp\/v2\/categories?post=135132"},{"taxonomy":"post_tag","embeddable":true,"href":"https:\/\/tvtecjundiai.com.br\/news\/wp-json\/wp\/v2\/tags?post=135132"}],"curies":[{"name":"wp","href":"https:\/\/api.w.org\/{rel}","templated":true}]}}