{"id":135144,"date":"2026-03-18T09:23:52","date_gmt":"2026-03-18T12:23:52","guid":{"rendered":"https:\/\/tvtecjundiai.com.br\/news\/?p=135144"},"modified":"2026-03-18T09:23:52","modified_gmt":"2026-03-18T12:23:52","slug":"jundiai-busca-reforco-do-estado-para-ampliar-atendimentos-de-alta-complexidade-na-saude","status":"publish","type":"post","link":"https:\/\/tvtecjundiai.com.br\/news\/2026\/03\/18\/jundiai-busca-reforco-do-estado-para-ampliar-atendimentos-de-alta-complexidade-na-saude\/","title":{"rendered":"Jundia\u00ed busca refor\u00e7o do Estado para ampliar atendimentos de alta complexidade na sa\u00fade"},"content":{"rendered":"\n<p>O fortalecimento da rede p\u00fablica de sa\u00fade e a amplia\u00e7\u00e3o do atendimento de alta complexidade, \u00e1rea em que Jundia\u00ed \u00e9 refer\u00eancia para toda a regi\u00e3o, estiveram no centro da reuni\u00e3o realizada na tarde desta segunda-feira (16) entre o prefeito Gustavo Martinelli e o secret\u00e1rio estadual de Sa\u00fade de S\u00e3o Paulo, Eleuses Paiva.<\/p>\n\n\n\n<p>Durante o encontro, foram discutidas demandas relacionadas ao atendimento de casos de alta complexidade, que hoje s\u00e3o refer\u00eancia em Jundia\u00ed para toda a regi\u00e3o. Entre os principais pontos apresentados foram abordadas a necessidade de amplia\u00e7\u00e3o de recursos para cirurgias ortop\u00e9dicas, o fortalecimento da oferta de atendimentos no Hospital Regional e o credenciamento de uma cl\u00ednica particular para a realiza\u00e7\u00e3o de tratamento de hemodi\u00e1lise no munic\u00edpio.<\/p>\n\n\n\n<figure class=\"wp-block-image size-large is-resized\"><img loading=\"lazy\" decoding=\"async\" width=\"1200\" height=\"801\" src=\"https:\/\/tvtecjundiai.com.br\/news\/wp-content\/uploads\/sites\/2\/2026\/03\/secretario_estado_de_saude_d-4-1280x854-1-1200x801.jpg\" alt=\"\" class=\"wp-image-135145\" style=\"aspect-ratio:1.4981607401627466;width:754px;height:auto\" srcset=\"https:\/\/tvtecjundiai.com.br\/news\/wp-content\/uploads\/sites\/2\/2026\/03\/secretario_estado_de_saude_d-4-1280x854-1-1200x801.jpg 1200w, https:\/\/tvtecjundiai.com.br\/news\/wp-content\/uploads\/sites\/2\/2026\/03\/secretario_estado_de_saude_d-4-1280x854-1-300x200.jpg 300w, https:\/\/tvtecjundiai.com.br\/news\/wp-content\/uploads\/sites\/2\/2026\/03\/secretario_estado_de_saude_d-4-1280x854-1-768x512.jpg 768w, https:\/\/tvtecjundiai.com.br\/news\/wp-content\/uploads\/sites\/2\/2026\/03\/secretario_estado_de_saude_d-4-1280x854-1.jpg 1280w\" sizes=\"auto, (max-width: 1200px) 100vw, 1200px\" \/><\/figure>\n\n\n\n<p>Para o prefeito, a agenda refor\u00e7a o compromisso da gest\u00e3o municipal em buscar, de forma cont\u00ednua, melhorias e investimentos para a sa\u00fade p\u00fablica, ampliando o acesso e qualificando o atendimento oferecido \u00e0 popula\u00e7\u00e3o. \u201cJundia\u00ed tem um papel regional importante na sa\u00fade, especialmente nos atendimentos de maior complexidade. Estamos, mais uma vez, dialogando com o Governo do Estado para garantir que os recursos acompanhem essa demanda crescente e tragam o melhor servi\u00e7o \u00e0 nossa gente\u201d, disse.<\/p>\n\n\n\n<p>Como encaminhamento, o secret\u00e1rio estadual se comprometeu a avaliar a destina\u00e7\u00e3o de recursos da Tabela SUS Paulista para o Hospital Universit\u00e1rio (HU), al\u00e9m de discutir o financiamento das cirurgias para remo\u00e7\u00e3o de bolsas de colostomia na rede municipal. A Prefeitura de Jundia\u00ed dever\u00e1 apresentar uma nova proposta, que ser\u00e1 debatida em reuni\u00e3o com o Departamento Regional de Sa\u00fade (DRS-7) de Campinas.<\/p>\n\n\n\n<p>Tamb\u00e9m estiveram presentes a secret\u00e1ria de Promo\u00e7\u00e3o da Sa\u00fade de Jundia\u00ed, M\u00e1rcia Facci, o superintendente do Hospital S\u00e3o Vicente de Paulo (HSV), Fernando Ramos, e a coordenadora da Cl\u00ednica M\u00e9dica da unidade, Lucimar Lima.<\/p>\n","protected":false},"excerpt":{"rendered":"<p>Entre os principais pontos apresentados foram abordadas a necessidade de amplia\u00e7\u00e3o de recursos para cirurgias ortop\u00e9dicas, o fortalecimento da oferta de atendimentos no Hospital Regional e o credenciamento de uma cl\u00ednica particular para a realiza\u00e7\u00e3o de tratamento de hemodi\u00e1lise no munic\u00edpio<\/p>\n","protected":false},"author":24,"featured_media":135146,"comment_status":"closed","ping_status":"0","sticky":false,"template":"","format":"standard","meta":{"footnotes":""},"categories":[29,2839,8355],"tags":[],"class_list":["post-135144","post","type-post","status-publish","format-standard","has-post-thumbnail","hentry","category-destaque","category-saude","category-saude-3"],"_links":{"self":[{"href":"https:\/\/tvtecjundiai.com.br\/news\/wp-json\/wp\/v2\/posts\/135144","targetHints":{"allow":["GET"]}}],"collection":[{"href":"https:\/\/tvtecjundiai.com.br\/news\/wp-json\/wp\/v2\/posts"}],"about":[{"href":"https:\/\/tvtecjundiai.com.br\/news\/wp-json\/wp\/v2\/types\/post"}],"author":[{"embeddable":true,"href":"https:\/\/tvtecjundiai.com.br\/news\/wp-json\/wp\/v2\/users\/24"}],"replies":[{"embeddable":true,"href":"https:\/\/tvtecjundiai.com.br\/news\/wp-json\/wp\/v2\/comments?post=135144"}],"version-history":[{"count":1,"href":"https:\/\/tvtecjundiai.com.br\/news\/wp-json\/wp\/v2\/posts\/135144\/revisions"}],"predecessor-version":[{"id":135147,"href":"https:\/\/tvtecjundiai.com.br\/news\/wp-json\/wp\/v2\/posts\/135144\/revisions\/135147"}],"wp:featuredmedia":[{"embeddable":true,"href":"https:\/\/tvtecjundiai.com.br\/news\/wp-json\/wp\/v2\/media\/135146"}],"wp:attachment":[{"href":"https:\/\/tvtecjundiai.com.br\/news\/wp-json\/wp\/v2\/media?parent=135144"}],"wp:term":[{"taxonomy":"category","embeddable":true,"href":"https:\/\/tvtecjundiai.com.br\/news\/wp-json\/wp\/v2\/categories?post=135144"},{"taxonomy":"post_tag","embeddable":true,"href":"https:\/\/tvtecjundiai.com.br\/news\/wp-json\/wp\/v2\/tags?post=135144"}],"curies":[{"name":"wp","href":"https:\/\/api.w.org\/{rel}","templated":true}]}}