{"id":135148,"date":"2026-03-18T09:54:07","date_gmt":"2026-03-18T12:54:07","guid":{"rendered":"https:\/\/tvtecjundiai.com.br\/news\/?p=135148"},"modified":"2026-03-18T09:54:56","modified_gmt":"2026-03-18T12:54:56","slug":"apos-acao-de-destaque-gm-de-jundiai-participa-do-tecnews-nesta-quarta-feira-18","status":"publish","type":"post","link":"https:\/\/tvtecjundiai.com.br\/news\/2026\/03\/18\/apos-acao-de-destaque-gm-de-jundiai-participa-do-tecnews-nesta-quarta-feira-18\/","title":{"rendered":"Ap\u00f3s a\u00e7\u00e3o de destaque, GM de Jundia\u00ed participa do TECNEWS nesta quarta-feira (18)"},"content":{"rendered":"\n<p>A guarda municipal Silvia Tereza Modesto da Silva foi homenageada em Jundia\u00ed ap\u00f3s impedir um furto, mesmo estando de folga, no bairro Vianelo, no \u00faltimo dia 6 de mar\u00e7o.<\/p>\n\n\n\n<figure class=\"wp-block-image size-large\"><img loading=\"lazy\" decoding=\"async\" width=\"855\" height=\"960\" src=\"https:\/\/tvtecjundiai.com.br\/news\/wp-content\/uploads\/sites\/2\/2026\/03\/8375a856-8f20-4684-9203-e474295f0305-3-855x960.jpeg\" alt=\"\" class=\"wp-image-135156\" srcset=\"https:\/\/tvtecjundiai.com.br\/news\/wp-content\/uploads\/sites\/2\/2026\/03\/8375a856-8f20-4684-9203-e474295f0305-3-855x960.jpeg 855w, https:\/\/tvtecjundiai.com.br\/news\/wp-content\/uploads\/sites\/2\/2026\/03\/8375a856-8f20-4684-9203-e474295f0305-3-300x337.jpeg 300w, https:\/\/tvtecjundiai.com.br\/news\/wp-content\/uploads\/sites\/2\/2026\/03\/8375a856-8f20-4684-9203-e474295f0305-3-768x862.jpeg 768w, https:\/\/tvtecjundiai.com.br\/news\/wp-content\/uploads\/sites\/2\/2026\/03\/8375a856-8f20-4684-9203-e474295f0305-3.jpeg 1067w\" sizes=\"auto, (max-width: 855px) 100vw, 855px\" \/><figcaption class=\"wp-element-caption\">Ap\u00f3s a\u00e7\u00e3o de destaque, GM de Jundia\u00ed participa do TECNEWS nesta quarta-feira (18)<\/figcaption><\/figure>\n\n\n\n<p><\/p>\n\n\n\n<p>Segundo a agente, dois suspeitos estavam dentro da resid\u00eancia e fugiram ao perceber sua presen\u00e7a, entrando em um ve\u00edculo com outros dois envolvidos. Durante a abordagem, um dos indiv\u00edduos sacou uma arma, e a guarda reagiu, efetuando um disparo que atingiu um dos suspeitos. Um segundo suspeito foi detido e outros dois conseguiram fugir.<\/p>\n\n\n\n<p><\/p>\n\n\n\n<p>A atua\u00e7\u00e3o rendeu reconhecimento durante a Semana da Mulher e refor\u00e7a os desafios enfrentados por mulheres na seguran\u00e7a p\u00fablica, que exige preparo constante e decis\u00f5es r\u00e1pidas em situa\u00e7\u00f5es de risco.<\/p>\n\n\n\n<div class=\"wp-block-columns is-layout-flex wp-container-core-columns-is-layout-9d6595d7 wp-block-columns-is-layout-flex\">\n<div class=\"wp-block-column is-layout-flow wp-block-column-is-layout-flow\">\n<figure class=\"wp-block-image size-large\"><img loading=\"lazy\" decoding=\"async\" width=\"1200\" height=\"800\" src=\"https:\/\/tvtecjundiai.com.br\/news\/wp-content\/uploads\/sites\/2\/2026\/03\/b8c2719e-d5b7-42b2-848c-97c8cc6c3976-1200x800.jpeg\" alt=\"\" class=\"wp-image-135152\" style=\"aspect-ratio:4\/3;object-fit:cover\" srcset=\"https:\/\/tvtecjundiai.com.br\/news\/wp-content\/uploads\/sites\/2\/2026\/03\/b8c2719e-d5b7-42b2-848c-97c8cc6c3976-1200x800.jpeg 1200w, https:\/\/tvtecjundiai.com.br\/news\/wp-content\/uploads\/sites\/2\/2026\/03\/b8c2719e-d5b7-42b2-848c-97c8cc6c3976-300x200.jpeg 300w, https:\/\/tvtecjundiai.com.br\/news\/wp-content\/uploads\/sites\/2\/2026\/03\/b8c2719e-d5b7-42b2-848c-97c8cc6c3976-768x512.jpeg 768w, https:\/\/tvtecjundiai.com.br\/news\/wp-content\/uploads\/sites\/2\/2026\/03\/b8c2719e-d5b7-42b2-848c-97c8cc6c3976.jpeg 1280w\" sizes=\"auto, (max-width: 1200px) 100vw, 1200px\" \/><\/figure>\n<\/div>\n\n\n\n<div class=\"wp-block-column is-layout-flow wp-block-column-is-layout-flow\">\n<figure class=\"wp-block-image size-large\"><img loading=\"lazy\" decoding=\"async\" width=\"1165\" height=\"960\" src=\"https:\/\/tvtecjundiai.com.br\/news\/wp-content\/uploads\/sites\/2\/2026\/03\/b4be72c9-9645-4aa0-af81-d8f97dbfc75b-1-1165x960.jpeg\" alt=\"\" class=\"wp-image-135155\" style=\"aspect-ratio:4\/3;object-fit:cover\" srcset=\"https:\/\/tvtecjundiai.com.br\/news\/wp-content\/uploads\/sites\/2\/2026\/03\/b4be72c9-9645-4aa0-af81-d8f97dbfc75b-1-1165x960.jpeg 1165w, https:\/\/tvtecjundiai.com.br\/news\/wp-content\/uploads\/sites\/2\/2026\/03\/b4be72c9-9645-4aa0-af81-d8f97dbfc75b-1-300x247.jpeg 300w, https:\/\/tvtecjundiai.com.br\/news\/wp-content\/uploads\/sites\/2\/2026\/03\/b4be72c9-9645-4aa0-af81-d8f97dbfc75b-1-768x633.jpeg 768w, https:\/\/tvtecjundiai.com.br\/news\/wp-content\/uploads\/sites\/2\/2026\/03\/b4be72c9-9645-4aa0-af81-d8f97dbfc75b-1.jpeg 1294w\" sizes=\"auto, (max-width: 1165px) 100vw, 1165px\" \/><\/figure>\n<\/div>\n<\/div>\n\n\n\n<p><\/p>\n\n\n\n<p><\/p>\n\n\n\n<p>A GM Modesto participa ao vivo do TECNEWS nesta quarta-feira (18), \u00e0s 11h30, para falar sobre a ocorr\u00eancia, a homenagem e a rotina na Guarda Municipal.<\/p>\n\n\n\n<p>Acompanhe o TECNEWS ao vivo, \u00e0s 11h30, pelo canal 24 da Claro TV e tamb\u00e9m pelas <a href=\"https:\/\/www.facebook.com\/tvtecjundiai\" data-type=\"link\" data-id=\"https:\/\/www.facebook.com\/tvtecjundiai\">redes sociais da TVTEC Jundia\u00ed.<\/a><\/p>\n\n\n\n<p><\/p>\n\n\n\n<p>Fonte: Reda\u00e7\u00e3o TVTEC \/ Imagem: Prefeitura de Jundia\u00ed<\/p>\n","protected":false},"excerpt":{"rendered":"<p>Guarda municipal foi homenageada ap\u00f3s impedir furto mesmo estando de folga e fala sobre a ocorr\u00eancia e os desafios da profiss\u00e3o no m\u00eas da mulher<\/p>\n","protected":false},"author":24,"featured_media":135157,"comment_status":"open","ping_status":"0","sticky":false,"template":"","format":"standard","meta":{"footnotes":""},"categories":[29],"tags":[],"class_list":["post-135148","post","type-post","status-publish","format-standard","has-post-thumbnail","hentry","category-destaque"],"_links":{"self":[{"href":"https:\/\/tvtecjundiai.com.br\/news\/wp-json\/wp\/v2\/posts\/135148","targetHints":{"allow":["GET"]}}],"collection":[{"href":"https:\/\/tvtecjundiai.com.br\/news\/wp-json\/wp\/v2\/posts"}],"about":[{"href":"https:\/\/tvtecjundiai.com.br\/news\/wp-json\/wp\/v2\/types\/post"}],"author":[{"embeddable":true,"href":"https:\/\/tvtecjundiai.com.br\/news\/wp-json\/wp\/v2\/users\/24"}],"replies":[{"embeddable":true,"href":"https:\/\/tvtecjundiai.com.br\/news\/wp-json\/wp\/v2\/comments?post=135148"}],"version-history":[{"count":2,"href":"https:\/\/tvtecjundiai.com.br\/news\/wp-json\/wp\/v2\/posts\/135148\/revisions"}],"predecessor-version":[{"id":135159,"href":"https:\/\/tvtecjundiai.com.br\/news\/wp-json\/wp\/v2\/posts\/135148\/revisions\/135159"}],"wp:featuredmedia":[{"embeddable":true,"href":"https:\/\/tvtecjundiai.com.br\/news\/wp-json\/wp\/v2\/media\/135157"}],"wp:attachment":[{"href":"https:\/\/tvtecjundiai.com.br\/news\/wp-json\/wp\/v2\/media?parent=135148"}],"wp:term":[{"taxonomy":"category","embeddable":true,"href":"https:\/\/tvtecjundiai.com.br\/news\/wp-json\/wp\/v2\/categories?post=135148"},{"taxonomy":"post_tag","embeddable":true,"href":"https:\/\/tvtecjundiai.com.br\/news\/wp-json\/wp\/v2\/tags?post=135148"}],"curies":[{"name":"wp","href":"https:\/\/api.w.org\/{rel}","templated":true}]}}