{"id":135160,"date":"2026-03-18T10:55:11","date_gmt":"2026-03-18T13:55:11","guid":{"rendered":"https:\/\/tvtecjundiai.com.br\/news\/?p=135160"},"modified":"2026-03-18T10:55:11","modified_gmt":"2026-03-18T13:55:11","slug":"jundiai-alcanca-reconhecimento-historico-com-premios-em-educacao-e-sustentabilidade","status":"publish","type":"post","link":"https:\/\/tvtecjundiai.com.br\/news\/2026\/03\/18\/jundiai-alcanca-reconhecimento-historico-com-premios-em-educacao-e-sustentabilidade\/","title":{"rendered":"Jundia\u00ed alcan\u00e7a reconhecimento hist\u00f3rico com pr\u00eamios em educa\u00e7\u00e3o e sustentabilidade"},"content":{"rendered":"\n<p>A cidade de Jundia\u00ed alcan\u00e7ou um patamar de reconhecimento hist\u00f3rico na noite desta ter\u00e7a-feira (17), ao ser coroada com dois dos mais prestigiados pr\u00eamios de gest\u00e3o p\u00fablica do estado de S\u00e3o Paulo: o Pr\u00eamio Sebrae Prefeitura Empreendedora, na categoria Sustentabilidade e Meio Ambiente, e o prestigioso Pr\u00eamio de Excel\u00eancia Educacional, atrav\u00e9s do programa Alfabetiza Juntos SP. Os pr\u00eamios, entregues pessoalmente pelo governador Tarc\u00edsio de Freitas, chancelam o sucesso de um modelo de gest\u00e3o que une o rigor t\u00e9cnico \u00e0 humaniza\u00e7\u00e3o das pol\u00edticas p\u00fablicas, provando que o investimento na base e no meio ambiente \u00e9 o alicerce para uma cidade cada vez melhor para se viver.<\/p>\n\n\n\n<figure class=\"wp-block-image size-large is-resized\"><img loading=\"lazy\" decoding=\"async\" width=\"1200\" height=\"801\" src=\"https:\/\/tvtecjundiai.com.br\/news\/wp-content\/uploads\/sites\/2\/2026\/03\/image-23-1200x801.png\" alt=\"\" class=\"wp-image-135161\" style=\"aspect-ratio:1.4988642594188142;width:688px;height:auto\" srcset=\"https:\/\/tvtecjundiai.com.br\/news\/wp-content\/uploads\/sites\/2\/2026\/03\/image-23-1200x801.png 1200w, https:\/\/tvtecjundiai.com.br\/news\/wp-content\/uploads\/sites\/2\/2026\/03\/image-23-300x200.png 300w, https:\/\/tvtecjundiai.com.br\/news\/wp-content\/uploads\/sites\/2\/2026\/03\/image-23-768x512.png 768w, https:\/\/tvtecjundiai.com.br\/news\/wp-content\/uploads\/sites\/2\/2026\/03\/image-23.png 1280w\" sizes=\"auto, (max-width: 1200px) 100vw, 1200px\" \/><\/figure>\n\n\n\n<p>No campo da educa\u00e7\u00e3o, Jundia\u00ed atingiu uma marca sem precedentes ao se tornar a cidade com o maior n\u00famero de unidades escolares premiadas em todo o estado de S\u00e3o Paulo, excetuando a capital. O avan\u00e7o \u00e9 fruto do programa Escola da Gente, que desde 2025 vem transformando o cen\u00e1rio pedag\u00f3gico local. Os resultados s\u00e3o matem\u00e1ticos e expressivos: em 2024, a rede contava com 21 escolas reconhecidas; j\u00e1 em 2026, com base no desempenho de excel\u00eancia aferido em 2025, o n\u00famero saltou para 31 unidades premiadas, um crescimento de quase 50%.<\/p>\n\n\n\n<p>Das 46 escolas de Ensino Fundamental da rede municipal, 31 atingiram suas metas individuais no \u00cdndice de Excel\u00eancia Educacional (IEE), que avalia a flu\u00eancia leitora e a profici\u00eancia em l\u00edngua portuguesa e matem\u00e1tica. Como reconhecimento direto, cada unidade receber\u00e1 um incentivo de R$ 100 por aluno para investimentos em ambi\u00eancia escolar, fortalecendo o trabalho de escolas como Deodato Janski, Dr. Jos\u00e9 Romeiro Pereira, Pedro de Oliveira e as outras 28 unidades que brilharam na avalia\u00e7\u00e3o.&nbsp;<\/p>\n\n\n\n<p>O governador Tarc\u00edsio de Freitas fez quest\u00e3o de destacar que o brilho desses alunos no futuro, nas universidades e na vida profissional, ser\u00e1 o reflexo direto do que Jundia\u00ed planta hoje. Esse sentimento de dever cumprido foi ecoado pela secret\u00e1ria de Educa\u00e7\u00e3o, Priscila Costa, que ressaltou a import\u00e2ncia do IEE na valoriza\u00e7\u00e3o das boas pr\u00e1ticas docentes e na garantia do direito fundamental \u00e0 alfabetiza\u00e7\u00e3o na idade certa.<\/p>\n\n\n\n<p>A conquista \u00e9 o resultado de uma rede s\u00f3lida, onde escolas como Antonio De Padua Giaretta, Anna Rita Alves Ludke e Marcos Gasparian mantiveram seu padr\u00e3o de excel\u00eancia, enquanto novas unidades ingressaram no rol das premiadas, como a Armanda Santina Polenti e a Janet Ferreira Prado, evidenciando que a evolu\u00e7\u00e3o \u00e9 constante e atinge todo o territ\u00f3rio municipal.<\/p>\n\n\n\n<p><strong>13\u00ba Pr\u00eamio Sebrae Prefeitura Empreendedora<\/strong><\/p>\n\n\n\n<figure class=\"wp-block-image size-large is-resized\"><img loading=\"lazy\" decoding=\"async\" width=\"1200\" height=\"801\" src=\"https:\/\/tvtecjundiai.com.br\/news\/wp-content\/uploads\/sites\/2\/2026\/03\/image-24-1200x801.png\" alt=\"\" class=\"wp-image-135162\" style=\"width:565px;height:auto\" srcset=\"https:\/\/tvtecjundiai.com.br\/news\/wp-content\/uploads\/sites\/2\/2026\/03\/image-24-1200x801.png 1200w, https:\/\/tvtecjundiai.com.br\/news\/wp-content\/uploads\/sites\/2\/2026\/03\/image-24-300x200.png 300w, https:\/\/tvtecjundiai.com.br\/news\/wp-content\/uploads\/sites\/2\/2026\/03\/image-24-768x512.png 768w, https:\/\/tvtecjundiai.com.br\/news\/wp-content\/uploads\/sites\/2\/2026\/03\/image-24.png 1280w\" sizes=\"auto, (max-width: 1200px) 100vw, 1200px\" \/><\/figure>\n\n\n\n<p>Paralelamente ao sucesso educacional, Jundia\u00ed tamb\u00e9m subiu ao topo do p\u00f3dio no 13\u00ba Pr\u00eamio Sebrae Prefeitura Empreendedora. Entre 283 iniciativas de 219 prefeituras, o projeto jundiaiense \u201cGente que faz: construindo ciclos que transformam o futuro\u201d superou finalistas como Ilhabela e Indaiatuba. A iniciativa \u00e9 um exemplo global de economia circular, unindo os programas Escola Verde e a Biblioteca das Coisas para transformar res\u00edduos industriais em recursos pedag\u00f3gicos de alta qualidade.<\/p>\n\n\n\n<p>Ao integrar sustentabilidade e empreendedorismo desde os primeiros anos escolares com o apoio do Jovens Empreendedores Primeiros Passos (JEPP), a cidade demonstra que o desenvolvimento econ\u00f4mico e a preserva\u00e7\u00e3o ambiental s\u00e3o pilares indissoci\u00e1veis de uma gest\u00e3o moderna e resiliente.<\/p>\n\n\n\n<p>O prefeito Gustavo Martinelli, enfatizou que ser a cidade com mais escolas premiadas fora da capital n\u00e3o \u00e9 um mero acaso, mas o fruto do empenho de professores, diretores e de toda a comunidade escolar. Com recursos extras garantidos e o reconhecimento estadual m\u00e1ximo, Jundia\u00ed encerra este ciclo de premia\u00e7\u00f5es n\u00e3o apenas mantendo seus indicadores hist\u00f3ricos de PIB e IDH, mas projetando um legado de capital humano e sustentabilidade que servir\u00e1 de guia para as pr\u00f3ximas gera\u00e7\u00f5es.<\/p>\n\n\n\n<figure class=\"wp-block-image size-large\"><img loading=\"lazy\" decoding=\"async\" width=\"1200\" height=\"801\" src=\"https:\/\/tvtecjundiai.com.br\/news\/wp-content\/uploads\/sites\/2\/2026\/03\/image-25-1200x801.png\" alt=\"\" class=\"wp-image-135163\" srcset=\"https:\/\/tvtecjundiai.com.br\/news\/wp-content\/uploads\/sites\/2\/2026\/03\/image-25-1200x801.png 1200w, https:\/\/tvtecjundiai.com.br\/news\/wp-content\/uploads\/sites\/2\/2026\/03\/image-25-300x200.png 300w, https:\/\/tvtecjundiai.com.br\/news\/wp-content\/uploads\/sites\/2\/2026\/03\/image-25-768x512.png 768w, https:\/\/tvtecjundiai.com.br\/news\/wp-content\/uploads\/sites\/2\/2026\/03\/image-25.png 1280w\" sizes=\"auto, (max-width: 1200px) 100vw, 1200px\" \/><\/figure>\n","protected":false},"excerpt":{"rendered":"<p>Os pr\u00eamios, entregues pessoalmente pelo governador Tarc\u00edsio de Freitas, chancelam o sucesso de um modelo de gest\u00e3o que une o rigor t\u00e9cnico \u00e0 humaniza\u00e7\u00e3o das pol\u00edticas p\u00fablicas<\/p>\n","protected":false},"author":24,"featured_media":135164,"comment_status":"closed","ping_status":"0","sticky":false,"template":"","format":"standard","meta":{"footnotes":""},"categories":[29,2828],"tags":[],"class_list":["post-135160","post","type-post","status-publish","format-standard","has-post-thumbnail","hentry","category-destaque","category-educacao"],"_links":{"self":[{"href":"https:\/\/tvtecjundiai.com.br\/news\/wp-json\/wp\/v2\/posts\/135160","targetHints":{"allow":["GET"]}}],"collection":[{"href":"https:\/\/tvtecjundiai.com.br\/news\/wp-json\/wp\/v2\/posts"}],"about":[{"href":"https:\/\/tvtecjundiai.com.br\/news\/wp-json\/wp\/v2\/types\/post"}],"author":[{"embeddable":true,"href":"https:\/\/tvtecjundiai.com.br\/news\/wp-json\/wp\/v2\/users\/24"}],"replies":[{"embeddable":true,"href":"https:\/\/tvtecjundiai.com.br\/news\/wp-json\/wp\/v2\/comments?post=135160"}],"version-history":[{"count":1,"href":"https:\/\/tvtecjundiai.com.br\/news\/wp-json\/wp\/v2\/posts\/135160\/revisions"}],"predecessor-version":[{"id":135165,"href":"https:\/\/tvtecjundiai.com.br\/news\/wp-json\/wp\/v2\/posts\/135160\/revisions\/135165"}],"wp:featuredmedia":[{"embeddable":true,"href":"https:\/\/tvtecjundiai.com.br\/news\/wp-json\/wp\/v2\/media\/135164"}],"wp:attachment":[{"href":"https:\/\/tvtecjundiai.com.br\/news\/wp-json\/wp\/v2\/media?parent=135160"}],"wp:term":[{"taxonomy":"category","embeddable":true,"href":"https:\/\/tvtecjundiai.com.br\/news\/wp-json\/wp\/v2\/categories?post=135160"},{"taxonomy":"post_tag","embeddable":true,"href":"https:\/\/tvtecjundiai.com.br\/news\/wp-json\/wp\/v2\/tags?post=135160"}],"curies":[{"name":"wp","href":"https:\/\/api.w.org\/{rel}","templated":true}]}}