{"id":135168,"date":"2026-03-18T17:00:00","date_gmt":"2026-03-18T20:00:00","guid":{"rendered":"https:\/\/tvtecjundiai.com.br\/news\/?p=135168"},"modified":"2026-03-18T16:57:55","modified_gmt":"2026-03-18T19:57:55","slug":"tvtec-jundiai-abre-portas-para-visita-da-apae","status":"publish","type":"post","link":"https:\/\/tvtecjundiai.com.br\/news\/2026\/03\/18\/tvtec-jundiai-abre-portas-para-visita-da-apae\/","title":{"rendered":"TVTEC Jundia\u00ed abre portas para visita da APAE"},"content":{"rendered":"\n<p>Nesta quarta-feira (18) a TVTEC Jundia\u00ed recebeu o grupo de assistidos da APAE (Associa\u00e7\u00e3o de Pais e Amigos dos Excepcionais de Jundia\u00ed), com o acompanhamento das psicopedagogas Paloma Manuela de Souza e Marcela Laudelino que trabalham na&nbsp; entidade, os visitantes puderam conhecer a emissora e toda a estrutura oferecida.&nbsp;<\/p>\n\n\n<div class=\"wp-block-image\">\n<figure class=\"aligncenter size-large is-resized\"><img loading=\"lazy\" decoding=\"async\" width=\"720\" height=\"960\" src=\"https:\/\/tvtecjundiai.com.br\/news\/wp-content\/uploads\/sites\/2\/2026\/03\/image-720x960.jpeg\" alt=\"\" class=\"wp-image-135169\" style=\"width:475px;height:auto\" srcset=\"https:\/\/tvtecjundiai.com.br\/news\/wp-content\/uploads\/sites\/2\/2026\/03\/image-720x960.jpeg 720w, https:\/\/tvtecjundiai.com.br\/news\/wp-content\/uploads\/sites\/2\/2026\/03\/image-300x400.jpeg 300w, https:\/\/tvtecjundiai.com.br\/news\/wp-content\/uploads\/sites\/2\/2026\/03\/image-768x1024.jpeg 768w, https:\/\/tvtecjundiai.com.br\/news\/wp-content\/uploads\/sites\/2\/2026\/03\/image-1152x1536.jpeg 1152w, https:\/\/tvtecjundiai.com.br\/news\/wp-content\/uploads\/sites\/2\/2026\/03\/image.jpeg 1200w\" sizes=\"auto, (max-width: 720px) 100vw, 720px\" \/><\/figure>\n<\/div>\n\n\n<p class=\"has-text-align-center\"><em>A TVTEC reconhece a import\u00e2ncia do papel da APAE na cidade e realizou a visita guiada\/Divulga\u00e7\u00e3o: TVTEC Jundia\u00ed<\/em><\/p>\n\n\n\n<p>A APAE Jundia\u00ed, fundada em 1957, \u00e9 considerada a primeira associa\u00e7\u00e3o de inclus\u00e3o e acessibilidade \u00e0s pessoas com defici\u00eancia do estado de S\u00e3o Paulo. H\u00e1 65 anos trabalha para uma sociedade mais engajada nas causas PCDs e mostra que acolher sem julgamentos \u00e9 transformar a cidade em um lugar cada vez mais inclusivo.&nbsp;<\/p>\n\n\n\n<p><strong><em>Reda\u00e7\u00e3o TVTEC Jundia\u00ed<\/em><\/strong><\/p>\n","protected":false},"excerpt":{"rendered":"<p>Nesta quarta-feira (18) a TVTEC Jundia\u00ed recebeu o grupo de assistidos da APAE (Associa\u00e7\u00e3o de Pais e Amigos dos Excepcionais de Jundia\u00ed), com o acompanhamento das psicopedagogas Paloma Manuela de Souza e Marcela Laudelino que trabalham na&nbsp; entidade, os visitantes puderam conhecer a emissora e toda a estrutura oferecida.&nbsp; A TVTEC reconhece a import\u00e2ncia do [&hellip;]<\/p>\n","protected":false},"author":24,"featured_media":135170,"comment_status":"closed","ping_status":"0","sticky":false,"template":"","format":"standard","meta":{"footnotes":""},"categories":[29],"tags":[],"class_list":["post-135168","post","type-post","status-publish","format-standard","has-post-thumbnail","hentry","category-destaque"],"_links":{"self":[{"href":"https:\/\/tvtecjundiai.com.br\/news\/wp-json\/wp\/v2\/posts\/135168","targetHints":{"allow":["GET"]}}],"collection":[{"href":"https:\/\/tvtecjundiai.com.br\/news\/wp-json\/wp\/v2\/posts"}],"about":[{"href":"https:\/\/tvtecjundiai.com.br\/news\/wp-json\/wp\/v2\/types\/post"}],"author":[{"embeddable":true,"href":"https:\/\/tvtecjundiai.com.br\/news\/wp-json\/wp\/v2\/users\/24"}],"replies":[{"embeddable":true,"href":"https:\/\/tvtecjundiai.com.br\/news\/wp-json\/wp\/v2\/comments?post=135168"}],"version-history":[{"count":2,"href":"https:\/\/tvtecjundiai.com.br\/news\/wp-json\/wp\/v2\/posts\/135168\/revisions"}],"predecessor-version":[{"id":135172,"href":"https:\/\/tvtecjundiai.com.br\/news\/wp-json\/wp\/v2\/posts\/135168\/revisions\/135172"}],"wp:featuredmedia":[{"embeddable":true,"href":"https:\/\/tvtecjundiai.com.br\/news\/wp-json\/wp\/v2\/media\/135170"}],"wp:attachment":[{"href":"https:\/\/tvtecjundiai.com.br\/news\/wp-json\/wp\/v2\/media?parent=135168"}],"wp:term":[{"taxonomy":"category","embeddable":true,"href":"https:\/\/tvtecjundiai.com.br\/news\/wp-json\/wp\/v2\/categories?post=135168"},{"taxonomy":"post_tag","embeddable":true,"href":"https:\/\/tvtecjundiai.com.br\/news\/wp-json\/wp\/v2\/tags?post=135168"}],"curies":[{"name":"wp","href":"https:\/\/api.w.org\/{rel}","templated":true}]}}