{"id":136060,"date":"2026-04-26T14:57:59","date_gmt":"2026-04-26T17:57:59","guid":{"rendered":"https:\/\/tvtecjundiai.com.br\/news\/?p=136060"},"modified":"2026-04-26T14:57:59","modified_gmt":"2026-04-26T17:57:59","slug":"jundiai-recebe-premio-estadual-por-projeto-que-une-saude-mental-lazer-e-autonomia","status":"publish","type":"post","link":"https:\/\/tvtecjundiai.com.br\/news\/2026\/04\/26\/jundiai-recebe-premio-estadual-por-projeto-que-une-saude-mental-lazer-e-autonomia\/","title":{"rendered":"Jundia\u00ed recebe pr\u00eamio estadual por projeto que une sa\u00fade mental, lazer e autonomia"},"content":{"rendered":"\n<p>O sorriso leve e a disposi\u00e7\u00e3o de Cl\u00e1udia Figueiredo, 54, contam uma hist\u00f3ria de supera\u00e7\u00e3o. Durante as aulas de gin\u00e1stica no CECCO, cada movimento carrega a for\u00e7a de quem enfrentou uma longa depress\u00e3o e escolheu recome\u00e7ar. Com disciplina e vontade de viver, ela encontrou no espa\u00e7o um novo sentido para o dia a dia. \u201cQuando eu venho aqui, entro de um jeito e saio de outro\u201d, resume.<\/p>\n\n\n\n<p>A trajet\u00f3ria de Cl\u00e1udia reflete a de muitas pessoas que frequentam o CECCO, situado no Parque Continental, em Jundia\u00ed. Vinculado \u00e0 Secretaria de Promo\u00e7\u00e3o da Sa\u00fade, o espa\u00e7o se destaca n\u00e3o apenas como um local para a pr\u00e1tica de atividades f\u00edsicas, mas sobretudo como um ambiente de conviv\u00eancia e transforma\u00e7\u00e3o social, oferecendo pr\u00e1ticas integrativas e complementares em sa\u00fade, como medita\u00e7\u00e3o, auriculoterapia, Lian Gong, dan\u00e7a circular e gin\u00e1stica corporal.<\/p>\n\n\n\n<figure class=\"wp-block-image size-large\"><img loading=\"lazy\" decoding=\"async\" width=\"1200\" height=\"801\" src=\"https:\/\/tvtecjundiai.com.br\/news\/wp-content\/uploads\/sites\/2\/2026\/04\/image-21-1200x801.png\" alt=\"\" class=\"wp-image-136061\" srcset=\"https:\/\/tvtecjundiai.com.br\/news\/wp-content\/uploads\/sites\/2\/2026\/04\/image-21-1200x801.png 1200w, https:\/\/tvtecjundiai.com.br\/news\/wp-content\/uploads\/sites\/2\/2026\/04\/image-21-300x200.png 300w, https:\/\/tvtecjundiai.com.br\/news\/wp-content\/uploads\/sites\/2\/2026\/04\/image-21-768x512.png 768w, https:\/\/tvtecjundiai.com.br\/news\/wp-content\/uploads\/sites\/2\/2026\/04\/image-21.png 1280w\" sizes=\"auto, (max-width: 1200px) 100vw, 1200px\" \/><\/figure>\n\n\n\n<p>Entre as a\u00e7\u00f5es que mais t\u00eam engajado os participantes est\u00e1 o \u201cRol\u00ea Cultural\u201d, criado em 2025. A iniciativa, embora simples, \u00e9 bastante significativa: organizar passeios culturais pela cidade de S\u00e3o Paulo, utilizando o trem como meio de transporte, e assim estimular a autonomia, o protagonismo e a ocupa\u00e7\u00e3o dos espa\u00e7os p\u00fablicos. \u201cOs \u2018rol\u00eas\u2019 s\u00e3o maravilhosos, conhecemos gente nova e nos divertimos muito\u201d, afirma Claudia, que tamb\u00e9m integra o Comit\u00ea Gestor do projeto.<\/p>\n\n\n\n<p>A import\u00e2ncia da iniciativa ganhou proje\u00e7\u00e3o al\u00e9m do munic\u00edpio. O \u201cRol\u00ea Cultural\u201d foi reconhecido no 39\u00ba Congresso de Secret\u00e1rios Municipais de Sa\u00fade do Estado de S\u00e3o Paulo (COSEMS), um dos principais espa\u00e7os de interc\u00e2mbio de experi\u00eancias e valoriza\u00e7\u00e3o de boas pr\u00e1ticas em sa\u00fade p\u00fablica, refor\u00e7ando o papel do projeto e do CECCO na reconstru\u00e7\u00e3o de trajet\u00f3rias.<\/p>\n\n\n\n<p>\u201cEsse reconhecimento evidencia a relev\u00e2ncia da promo\u00e7\u00e3o da sa\u00fade. Quando atuamos na perspectiva da troca de experi\u00eancias, percebemos que \u00e9 poss\u00edvel fortalecer v\u00ednculos e promover a sa\u00fade mental\u201d, destaca a gerente do CECCO, Fernanda Torres Apollonio.<br><br><br><br><br><\/p>\n\n\n\n<p><\/p>\n","protected":false},"excerpt":{"rendered":"<p>O reconhecido aconteceu no 39\u00ba Congresso de Secret\u00e1rios Municipais de Sa\u00fade do Estado de S\u00e3o Paulo (COSEMS), um dos principais espa\u00e7os de interc\u00e2mbio de experi\u00eancias e valoriza\u00e7\u00e3o de boas pr\u00e1ticas em sa\u00fade p\u00fablica.<\/p>\n","protected":false},"author":44,"featured_media":136062,"comment_status":"closed","ping_status":"0","sticky":false,"template":"","format":"standard","meta":{"footnotes":""},"categories":[2839],"tags":[8196,8474,8475,8476],"class_list":["post-136060","post","type-post","status-publish","format-standard","has-post-thumbnail","hentry","category-saude","tag-jundiai-2","tag-premio-2","tag-promocaodasaude","tag-saude-mental-2"],"_links":{"self":[{"href":"https:\/\/tvtecjundiai.com.br\/news\/wp-json\/wp\/v2\/posts\/136060","targetHints":{"allow":["GET"]}}],"collection":[{"href":"https:\/\/tvtecjundiai.com.br\/news\/wp-json\/wp\/v2\/posts"}],"about":[{"href":"https:\/\/tvtecjundiai.com.br\/news\/wp-json\/wp\/v2\/types\/post"}],"author":[{"embeddable":true,"href":"https:\/\/tvtecjundiai.com.br\/news\/wp-json\/wp\/v2\/users\/44"}],"replies":[{"embeddable":true,"href":"https:\/\/tvtecjundiai.com.br\/news\/wp-json\/wp\/v2\/comments?post=136060"}],"version-history":[{"count":1,"href":"https:\/\/tvtecjundiai.com.br\/news\/wp-json\/wp\/v2\/posts\/136060\/revisions"}],"predecessor-version":[{"id":136063,"href":"https:\/\/tvtecjundiai.com.br\/news\/wp-json\/wp\/v2\/posts\/136060\/revisions\/136063"}],"wp:featuredmedia":[{"embeddable":true,"href":"https:\/\/tvtecjundiai.com.br\/news\/wp-json\/wp\/v2\/media\/136062"}],"wp:attachment":[{"href":"https:\/\/tvtecjundiai.com.br\/news\/wp-json\/wp\/v2\/media?parent=136060"}],"wp:term":[{"taxonomy":"category","embeddable":true,"href":"https:\/\/tvtecjundiai.com.br\/news\/wp-json\/wp\/v2\/categories?post=136060"},{"taxonomy":"post_tag","embeddable":true,"href":"https:\/\/tvtecjundiai.com.br\/news\/wp-json\/wp\/v2\/tags?post=136060"}],"curies":[{"name":"wp","href":"https:\/\/api.w.org\/{rel}","templated":true}]}}