{"id":136068,"date":"2026-04-27T07:57:50","date_gmt":"2026-04-27T10:57:50","guid":{"rendered":"https:\/\/tvtecjundiai.com.br\/news\/?p=136068"},"modified":"2026-04-27T07:57:50","modified_gmt":"2026-04-27T10:57:50","slug":"hsv-recebe-especialista-renomado-e-avanca-na-preparacao-para-cenarios-de-emergencia-em-larga-escala","status":"publish","type":"post","link":"https:\/\/tvtecjundiai.com.br\/news\/2026\/04\/27\/hsv-recebe-especialista-renomado-e-avanca-na-preparacao-para-cenarios-de-emergencia-em-larga-escala\/","title":{"rendered":"HSV recebe especialista renomado e avan\u00e7a na prepara\u00e7\u00e3o para cen\u00e1rios de emerg\u00eancia em larga escala"},"content":{"rendered":"\n<p>A visita do m\u00e9dico portugu\u00eas Nelson Olim, refer\u00eancia internacional em medicina de cat\u00e1strofe, marcou um importante avan\u00e7o no Hospital de Caridade S\u00e3o Vicente de Paulo (HSV): a implanta\u00e7\u00e3o do Gerenciamento de V\u00edtimas em Massa (MCM), alinhado \u00e0s diretrizes da Organiza\u00e7\u00e3o Mundial da Sa\u00fade (OMS). A iniciativa tem como objetivo preparar as equipes para atua\u00e7\u00e3o em incidentes com m\u00faltiplas v\u00edtimas (IMVs), caracterizados pelo aumento repentino no n\u00famero de pacientes e pela necessidade de reorganiza\u00e7\u00e3o do atendimento.<\/p>\n\n\n\n<p><\/p>\n\n\n\n<p>Cirurgi\u00e3o geral com ampla atua\u00e7\u00e3o em cen\u00e1rios de guerra e crises humanit\u00e1rias, Nelson Olim possui experi\u00eancia junto ao Comit\u00e9 Internacional da Cruz Vermelha (CICR) e \u00e0 Organiza\u00e7\u00e3o Mundial da Sa\u00fade (OMS), tendo atuado em regi\u00f5es como Gaza, Afeganist\u00e3o e Ucr\u00e2nia. Sua presen\u00e7a no HSV refor\u00e7a a relev\u00e2ncia e o n\u00edvel t\u00e9cnico do projeto aplicado na institui\u00e7\u00e3o.<\/p>\n\n\n\n<p><\/p>\n\n\n<div class=\"wp-block-image\">\n<figure class=\"aligncenter\"><img decoding=\"async\" src=\"https:\/\/mail.google.com\/mail\/u\/0?ui=2&amp;ik=1de69e4b14&amp;attid=0.0.2&amp;permmsgid=msg-f:1863377168958667926&amp;th=19dc0ba99e5abc96&amp;view=fimg&amp;fur=ip&amp;permmsgid=msg-f:1863377168958667926&amp;sz=s0-l75-ft&amp;attbid=ANGjdJ_KtwOH8QWpg1Q40w7e5ZwnBRgPhjZZOc-peKLN5RD6Yd3w3DO3yS7kA4aoKBQiEQFYkKrghs4HwsBht-XaFcHySB0cyG0DBbs9RvGwjbq7-Df_mDITbACxHec&amp;disp=emb&amp;zw\" alt=\"\" \/><figcaption class=\"wp-element-caption\">Dr. Nelson durante avalia\u00e7\u00e3o, ao lado dos Drs. Frederico Michelino e Wladimir Santos Ferreira, e da enfermeira da qualidade, Bianca Louren\u00e7o.<\/figcaption><\/figure>\n<\/div>\n\n\n<p>\u201cEsses incidentes podem ser ocasionados tanto por desastres naturais quanto por situa\u00e7\u00f5es do dia a dia, como acidentes de tr\u00e2nsito ou epis\u00f3dios de viol\u00eancia, exigindo uma mudan\u00e7a na l\u00f3gica do cuidado. Em um IMV, com recursos limitados, \u00e9 necess\u00e1rio priorizar o atendimento, orientando decis\u00f5es desde a triagem at\u00e9 o encaminhamento para o tratamento definitivo\u201d, explicou o diretor cl\u00ednico do HSV, Dr. Frederico Michelino.<\/p>\n\n\n\n<p>A ativa\u00e7\u00e3o do protocolo ser\u00e1 sinalizada por meio de um alerta, utilizado em situa\u00e7\u00f5es reais para mobilizar rapidamente as equipes e acionar os fluxos definidos. \u201cDurante a ativa\u00e7\u00e3o, os m\u00e9dicos contar\u00e3o com um centro de comando e poder\u00e3o ser redirecionados conforme a necessidade. Profissionais de \u00e1reas cr\u00edticas, como as UTIs, permanecem em seus postos, enquanto as equipes da emerg\u00eancia atuam no reconhecimento, triagem, estabiliza\u00e7\u00e3o e encaminhamento dos pacientes\u201d, refor\u00e7ou o diretor t\u00e9cnico, Dr. Wladimir Santos Ferreira.<\/p>\n\n\n\n<figure class=\"wp-block-image\"><img decoding=\"async\" src=\"https:\/\/mail.google.com\/mail\/u\/0?ui=2&amp;ik=1de69e4b14&amp;attid=0.0.3&amp;permmsgid=msg-f:1863377168958667926&amp;th=19dc0ba99e5abc96&amp;view=fimg&amp;fur=ip&amp;permmsgid=msg-f:1863377168958667926&amp;sz=s0-l75-ft&amp;attbid=ANGjdJ9HqRFpOkNi-oeMOXWOCxMXbTnye5GWsR2NViaWzAEKv9hcvKW7Oe--nAD6bkaUqBshyS4lFt0YyselOjaq_BuS4SOkbVuwsAaicMzAjw3hJfUJIxSIcx1LmTs&amp;disp=emb&amp;zw\" alt=\"\" \/><figcaption class=\"wp-element-caption\">Capacita\u00e7\u00e3o reuniu profissionais para simula\u00e7\u00e3o de atendimento a v\u00edtimas em massa.<\/figcaption><\/figure>\n\n\n\n<p><\/p>\n\n\n\n<p>Durante a visita, Nelson Olim acompanhou de perto a estrutura\u00e7\u00e3o do protocolo e avaliou o desempenho das equipes, destacando a organiza\u00e7\u00e3o e a rapidez na resposta. \u201c\u00c9 a primeira vez que vejo um hospital implementar esse modelo dessa forma. O HSV demonstra um n\u00edvel de organiza\u00e7\u00e3o impressionante e tem potencial para se tornar refer\u00eancia no Brasil. A r\u00e1pida reorganiza\u00e7\u00e3o, em apenas sete minutos, evidencia o preparo da equipe. O hospital est\u00e1 na linha de frente no pa\u00eds e pode inspirar outras institui\u00e7\u00f5es. Com experi\u00eancia em mais de 40 pa\u00edses, posso afirmar que o HSV apresenta condi\u00e7\u00f5es excelentes, inclusive \u00e0 frente de muitos hospitais europeus\u201d.<\/p>\n\n\n\n<p>O superintendente do HSV, Fernando Ramos, destacou a import\u00e2ncia do momento. \u201cA visita do Dr. Nelson refor\u00e7a que estamos no caminho certo e valida todo o trabalho que vem sendo constru\u00eddo pelas nossas equipes. Esse reconhecimento aumenta ainda mais a nossa responsabilidade, mas tamb\u00e9m fortalece o compromisso com a melhoria cont\u00ednua. A institui\u00e7\u00e3o segue atuando de forma permanente no aprimoramento de seus processos, com foco na seguran\u00e7a, na organiza\u00e7\u00e3o do atendimento e na capacidade de resposta em cen\u00e1rios que exigem r\u00e1pida adapta\u00e7\u00e3o operacional\u201d, finalizou.<\/p>\n\n\n\n<p><\/p>\n\n\n\n<figure class=\"wp-block-image\"><img decoding=\"async\" src=\"https:\/\/mail.google.com\/mail\/u\/0?ui=2&amp;ik=1de69e4b14&amp;attid=0.0.4&amp;permmsgid=msg-f:1863377168958667926&amp;th=19dc0ba99e5abc96&amp;view=fimg&amp;fur=ip&amp;permmsgid=msg-f:1863377168958667926&amp;sz=s0-l75-ft&amp;attbid=ANGjdJ8D5ENhSVsHVPYyPH7CDg45rvf2SB9vq0iGFrwnLHO20W64BpVW0kQQthuwVQWS2C9NCsteJa5BtbHH34O51a6vdnkXO5Uzm37wCH8cGCHRGHzWmG4WnN3rdeQ&amp;disp=emb&amp;zw\" alt=\"\" \/><figcaption class=\"wp-element-caption\">Resultados foram apresentados aos profissionais ap\u00f3s a finaliza\u00e7\u00e3o do evento.<\/figcaption><\/figure>\n\n\n\n<p><\/p>\n\n\n\n<p><strong>Fonte:<\/strong> <strong>Assessoria de Comunica\u00e7\u00e3o &#8211; Hospital de Caridade S\u00e3o Vicente de Paulo<\/strong><\/p>\n","protected":false},"excerpt":{"rendered":"<p>A iniciativa faz parte do programa de capacita\u00e7\u00e3o da Organiza\u00e7\u00e3o Mundial da Sa\u00fade (OMS)<\/p>\n","protected":false},"author":24,"featured_media":136069,"comment_status":"closed","ping_status":"0","sticky":false,"template":"","format":"standard","meta":{"footnotes":""},"categories":[29,8431,8356,1,2839,8355],"tags":[],"class_list":["post-136068","post","type-post","status-publish","format-standard","has-post-thumbnail","hentry","category-destaque","category-hospital-sao-vicente","category-jundiai","category-noticias","category-saude","category-saude-3"],"_links":{"self":[{"href":"https:\/\/tvtecjundiai.com.br\/news\/wp-json\/wp\/v2\/posts\/136068","targetHints":{"allow":["GET"]}}],"collection":[{"href":"https:\/\/tvtecjundiai.com.br\/news\/wp-json\/wp\/v2\/posts"}],"about":[{"href":"https:\/\/tvtecjundiai.com.br\/news\/wp-json\/wp\/v2\/types\/post"}],"author":[{"embeddable":true,"href":"https:\/\/tvtecjundiai.com.br\/news\/wp-json\/wp\/v2\/users\/24"}],"replies":[{"embeddable":true,"href":"https:\/\/tvtecjundiai.com.br\/news\/wp-json\/wp\/v2\/comments?post=136068"}],"version-history":[{"count":1,"href":"https:\/\/tvtecjundiai.com.br\/news\/wp-json\/wp\/v2\/posts\/136068\/revisions"}],"predecessor-version":[{"id":136070,"href":"https:\/\/tvtecjundiai.com.br\/news\/wp-json\/wp\/v2\/posts\/136068\/revisions\/136070"}],"wp:featuredmedia":[{"embeddable":true,"href":"https:\/\/tvtecjundiai.com.br\/news\/wp-json\/wp\/v2\/media\/136069"}],"wp:attachment":[{"href":"https:\/\/tvtecjundiai.com.br\/news\/wp-json\/wp\/v2\/media?parent=136068"}],"wp:term":[{"taxonomy":"category","embeddable":true,"href":"https:\/\/tvtecjundiai.com.br\/news\/wp-json\/wp\/v2\/categories?post=136068"},{"taxonomy":"post_tag","embeddable":true,"href":"https:\/\/tvtecjundiai.com.br\/news\/wp-json\/wp\/v2\/tags?post=136068"}],"curies":[{"name":"wp","href":"https:\/\/api.w.org\/{rel}","templated":true}]}}