{"id":136074,"date":"2026-04-27T10:09:29","date_gmt":"2026-04-27T13:09:29","guid":{"rendered":"https:\/\/tvtecjundiai.com.br\/news\/?p=136074"},"modified":"2026-04-27T10:09:29","modified_gmt":"2026-04-27T13:09:29","slug":"semana-comeca-com-risco-de-temporais-e-termina-com-tempo-firme-em-jundiai","status":"publish","type":"post","link":"https:\/\/tvtecjundiai.com.br\/news\/2026\/04\/27\/semana-comeca-com-risco-de-temporais-e-termina-com-tempo-firme-em-jundiai\/","title":{"rendered":"Semana come\u00e7a com risco de temporais e termina com tempo firme em Jundia\u00ed"},"content":{"rendered":"\n<p>A previs\u00e3o do tempo em Jundia\u00ed e regi\u00e3o indica que o in\u00edcio da semana ser\u00e1 de instabilidade, com pancadas de chuva e possibilidade de trovoadas, al\u00e9m de temperaturas variando entre 19\u00b0C e 29\u00b0C. A partir de quarta-feira (29), o tempo come\u00e7a a firmar, com redu\u00e7\u00e3o das chuvas e temperaturas mais amenas, com m\u00ednimas em torno de 18\u00b0C e m\u00e1ximas pr\u00f3ximas dos 28\u00b0C, t\u00edpicas do outono.<\/p>\n\n\n\n<figure class=\"wp-block-image\"><img loading=\"lazy\" decoding=\"async\" width=\"865\" height=\"500\" src=\"https:\/\/tvtecjundiai.com.br\/news\/wp-content\/uploads\/sites\/2\/2025\/11\/Previsao_de_chuva_em_Jundiai_nesta_semana-1.jpg\" alt=\"\" class=\"wp-image-132257\" srcset=\"https:\/\/tvtecjundiai.com.br\/news\/wp-content\/uploads\/sites\/2\/2025\/11\/Previsao_de_chuva_em_Jundiai_nesta_semana-1.jpg 865w, https:\/\/tvtecjundiai.com.br\/news\/wp-content\/uploads\/sites\/2\/2025\/11\/Previsao_de_chuva_em_Jundiai_nesta_semana-1-300x173.jpg 300w, https:\/\/tvtecjundiai.com.br\/news\/wp-content\/uploads\/sites\/2\/2025\/11\/Previsao_de_chuva_em_Jundiai_nesta_semana-1-768x444.jpg 768w\" sizes=\"auto, (max-width: 865px) 100vw, 865px\" \/><figcaption class=\"wp-element-caption\">Semana come\u00e7a com risco de temporais e termina com tempo firme em Jundia\u00ed (Imagem: Prefeitura de Jundia\u00ed)<\/figcaption><\/figure>\n\n\n\n<p><\/p>\n\n\n\n<p>A Defesa Civil orienta que, durante per\u00edodos de chuva, a popula\u00e7\u00e3o evite \u00e1reas de alagamento e n\u00e3o atravesse ruas inundadas. Tamb\u00e9m \u00e9 importante ficar atento a sinais de deslizamentos, como rachaduras em paredes ou no solo, al\u00e9m de evitar abrigo sob \u00e1rvores durante tempestades com raios. Em caso de descargas el\u00e9tricas, recomenda-se desligar aparelhos eletr\u00f4nicos e manter calhas e ralos limpos para prevenir ac\u00famulo de \u00e1gua.<\/p>\n\n\n\n<p>Para os dias mais est\u00e1veis no fim da semana, a recomenda\u00e7\u00e3o \u00e9 aproveitar o tempo firme com atividades ao ar livre, sempre mantendo hidrata\u00e7\u00e3o e prote\u00e7\u00e3o contra o sol.<\/p>\n\n\n\n<p>Em caso de emerg\u00eancia, a Defesa Civil pode ser acionada pelo telefone <strong>199<\/strong>.<\/p>\n\n\n\n<p><\/p>\n\n\n\n<p>Reda\u00e7\u00e3o TVTEC<\/p>\n\n\n\n<p><\/p>\n","protected":false},"excerpt":{"rendered":"<p>Pancadas de chuva marcam os primeiros dias, e Defesa Civil orienta cuidados; tempo seco predomina no fim da semana<\/p>\n","protected":false},"author":24,"featured_media":136075,"comment_status":"closed","ping_status":"0","sticky":false,"template":"","format":"standard","meta":{"footnotes":""},"categories":[3185,8407,29,8415],"tags":[],"class_list":["post-136074","post","type-post","status-publish","format-standard","has-post-thumbnail","hentry","category-clima","category-defesa-civil","category-destaque","category-previsao-do-tempo"],"_links":{"self":[{"href":"https:\/\/tvtecjundiai.com.br\/news\/wp-json\/wp\/v2\/posts\/136074","targetHints":{"allow":["GET"]}}],"collection":[{"href":"https:\/\/tvtecjundiai.com.br\/news\/wp-json\/wp\/v2\/posts"}],"about":[{"href":"https:\/\/tvtecjundiai.com.br\/news\/wp-json\/wp\/v2\/types\/post"}],"author":[{"embeddable":true,"href":"https:\/\/tvtecjundiai.com.br\/news\/wp-json\/wp\/v2\/users\/24"}],"replies":[{"embeddable":true,"href":"https:\/\/tvtecjundiai.com.br\/news\/wp-json\/wp\/v2\/comments?post=136074"}],"version-history":[{"count":1,"href":"https:\/\/tvtecjundiai.com.br\/news\/wp-json\/wp\/v2\/posts\/136074\/revisions"}],"predecessor-version":[{"id":136076,"href":"https:\/\/tvtecjundiai.com.br\/news\/wp-json\/wp\/v2\/posts\/136074\/revisions\/136076"}],"wp:featuredmedia":[{"embeddable":true,"href":"https:\/\/tvtecjundiai.com.br\/news\/wp-json\/wp\/v2\/media\/136075"}],"wp:attachment":[{"href":"https:\/\/tvtecjundiai.com.br\/news\/wp-json\/wp\/v2\/media?parent=136074"}],"wp:term":[{"taxonomy":"category","embeddable":true,"href":"https:\/\/tvtecjundiai.com.br\/news\/wp-json\/wp\/v2\/categories?post=136074"},{"taxonomy":"post_tag","embeddable":true,"href":"https:\/\/tvtecjundiai.com.br\/news\/wp-json\/wp\/v2\/tags?post=136074"}],"curies":[{"name":"wp","href":"https:\/\/api.w.org\/{rel}","templated":true}]}}