{"id":136077,"date":"2026-04-27T10:58:01","date_gmt":"2026-04-27T13:58:01","guid":{"rendered":"https:\/\/tvtecjundiai.com.br\/news\/?p=136077"},"modified":"2026-04-27T10:58:01","modified_gmt":"2026-04-27T13:58:01","slug":"vai-abrir-funcionamento-do-comercio-de-jundiai-no-feriado-do-dia-01-05-depende-de-acordo-coletivo","status":"publish","type":"post","link":"https:\/\/tvtecjundiai.com.br\/news\/2026\/04\/27\/vai-abrir-funcionamento-do-comercio-de-jundiai-no-feriado-do-dia-01-05-depende-de-acordo-coletivo\/","title":{"rendered":"Vai abrir? Funcionamento do com\u00e9rcio de Jundia\u00ed no feriado do dia 01\/05 depende de acordo coletivo"},"content":{"rendered":"\n<p><a href=\"https:\/\/sincomerciojundiai.com.br\/wp-content\/uploads\/2026\/04\/trabalho-no-comercio-Freepik-3-1.jpg\"><\/a><\/p>\n\n\n\n<figure class=\"wp-block-image\"><a href=\"https:\/\/sincomerciojundiai.com.br\/wp-content\/uploads\/2026\/04\/trabalho-no-comercio-Freepik-3-1.jpg\"><img decoding=\"async\" src=\"https:\/\/sincomerciojundiai.com.br\/wp-content\/uploads\/2026\/04\/trabalho-no-comercio-Freepik-3-1.jpg\" alt=\"\" \/><\/a><\/figure>\n\n\n\n<p><a href=\"https:\/\/sincomerciojundiai.com.br\/wp-content\/uploads\/2026\/04\/trabalho-no-comercio-Freepik-3-1.jpg\"><\/a><\/p>\n\n\n\n<p>O Sindicato do Com\u00e9rcio Varejista de Jundia\u00ed e Regi\u00e3o (Sincomercio) informa que \u00e9 proibida a abertura do com\u00e9rcio no feriado de 01 de Maio, Dia do Trabalho, segundo a Conven\u00e7\u00e3o Coletiva de Trabalho (CCT) vigente.<\/p>\n\n\n\n<p>A abertura das lojas no Centro, bairros e shoppings neste feriado depende de acordo coletivo firmado entre as entidades patronal e laboral. A solicita\u00e7\u00e3o deve ser feita com anteced\u00eancia pelo e-mail&nbsp;<a href=\"mailto:cadastro@sincomerciojundiai.com.br\">cadastro@sincomerciojundiai.com.br<\/a><\/p>\n\n\n\n<p>Vale ressaltar que sem o acordo coletivo firmado entre as entidades Patronal e Laboral, as empresas estar\u00e3o sujeitas a uma multa pelo descumprimento das obriga\u00e7\u00f5es contidas na presente norma coletiva. Em caso de d\u00favidas, os lojistas poder\u00e3o entrar em contato pelo telefone (11) 4583-1410.<\/p>\n\n\n\n<p><\/p>\n\n\n\n<p><strong><em>Fonte: Sindicato do Com\u00e9rcio Varejista de Jundia\u00ed e Regi\u00e3o (Sincomercio)<\/em><\/strong><\/p>\n","protected":false},"excerpt":{"rendered":"<p>Vale ressaltar que sem o acordo coletivo firmado entre as entidades Patronal e Laboral, as empresas estar\u00e3o sujeitas a uma multa pelo descumprimento das obriga\u00e7\u00f5es contidas na presente norma coletiva<\/p>\n","protected":false},"author":24,"featured_media":136078,"comment_status":"closed","ping_status":"0","sticky":false,"template":"","format":"standard","meta":{"footnotes":""},"categories":[8426,29,8356],"tags":[],"class_list":["post-136077","post","type-post","status-publish","format-standard","has-post-thumbnail","hentry","category-comercio","category-destaque","category-jundiai"],"_links":{"self":[{"href":"https:\/\/tvtecjundiai.com.br\/news\/wp-json\/wp\/v2\/posts\/136077","targetHints":{"allow":["GET"]}}],"collection":[{"href":"https:\/\/tvtecjundiai.com.br\/news\/wp-json\/wp\/v2\/posts"}],"about":[{"href":"https:\/\/tvtecjundiai.com.br\/news\/wp-json\/wp\/v2\/types\/post"}],"author":[{"embeddable":true,"href":"https:\/\/tvtecjundiai.com.br\/news\/wp-json\/wp\/v2\/users\/24"}],"replies":[{"embeddable":true,"href":"https:\/\/tvtecjundiai.com.br\/news\/wp-json\/wp\/v2\/comments?post=136077"}],"version-history":[{"count":1,"href":"https:\/\/tvtecjundiai.com.br\/news\/wp-json\/wp\/v2\/posts\/136077\/revisions"}],"predecessor-version":[{"id":136079,"href":"https:\/\/tvtecjundiai.com.br\/news\/wp-json\/wp\/v2\/posts\/136077\/revisions\/136079"}],"wp:featuredmedia":[{"embeddable":true,"href":"https:\/\/tvtecjundiai.com.br\/news\/wp-json\/wp\/v2\/media\/136078"}],"wp:attachment":[{"href":"https:\/\/tvtecjundiai.com.br\/news\/wp-json\/wp\/v2\/media?parent=136077"}],"wp:term":[{"taxonomy":"category","embeddable":true,"href":"https:\/\/tvtecjundiai.com.br\/news\/wp-json\/wp\/v2\/categories?post=136077"},{"taxonomy":"post_tag","embeddable":true,"href":"https:\/\/tvtecjundiai.com.br\/news\/wp-json\/wp\/v2\/tags?post=136077"}],"curies":[{"name":"wp","href":"https:\/\/api.w.org\/{rel}","templated":true}]}}