{"id":136081,"date":"2026-04-27T11:14:58","date_gmt":"2026-04-27T14:14:58","guid":{"rendered":"https:\/\/tvtecjundiai.com.br\/news\/?p=136081"},"modified":"2026-04-27T11:14:58","modified_gmt":"2026-04-27T14:14:58","slug":"mec-e-inep-ampliam-prazo-para-pedido-de-isencao-da-taxa-do-enem","status":"publish","type":"post","link":"https:\/\/tvtecjundiai.com.br\/news\/2026\/04\/27\/mec-e-inep-ampliam-prazo-para-pedido-de-isencao-da-taxa-do-enem\/","title":{"rendered":"MEC e Inep ampliam prazo para pedido de isen\u00e7\u00e3o da taxa do Enem\u00a0"},"content":{"rendered":"\n<p>O prazo para solicitar a isen\u00e7\u00e3o da taxa de inscri\u00e7\u00e3o para o Enem (Exame Nacional do Ensino M\u00e9dio) foi prorrogado. Segundo a decis\u00e3o do Minist\u00e9rio da Educa\u00e7\u00e3o (MEC) e do Instituto Nacional de Estudos e Pesquisas Educacionais An\u00edsio Teixeira (Inep), o pedido pode ser realizado at\u00e9 esta quinta-feira (30).<\/p>\n\n\n\n<p>O valor da taxa \u00e9 de R$85 e a solicita\u00e7\u00e3o de isen\u00e7\u00e3o deve ser feita no site do Inep, na <a href=\"https:\/\/enem.inep.gov.br\/participante\/#!\/\">\u201cP\u00e1gina do Participante\u201d<\/a>. O resultado deve ser divulgado em 8 de maio.<\/p>\n\n\n\n<p>Para o Inep, os participantes que se enquadram nos seguintes aspectos s\u00e3o contemplados com a gratuidade:<\/p>\n\n\n\n<ul class=\"wp-block-list\">\n<li>Matriculados no 3\u00ba ano do ensino m\u00e9dio em escola p\u00fablica (em 2026);<\/li>\n\n\n\n<li>Aqueles que cursaram todo o ensino m\u00e9dio em escola p\u00fablica ou como bolsistas integrais em escola privada, e que possuam renda igual ou inferior a um sal\u00e1rio-m\u00ednimo e meio;<\/li>\n\n\n\n<li>Pessoas em situa\u00e7\u00e3o de vulnerabilidade socioecon\u00f4mica, de fam\u00edlia de baixa renda, registrados no Cad\u00danico;<\/li>\n\n\n\n<li>Os participantes do programa P\u00e9-de-Meia, do MEC;<\/li>\n<\/ul>\n\n\n\n<p><strong><em>M\u00eddias TVTEC Jundia\u00ed<\/em><\/strong><\/p>\n\n\n\n<p><\/p>\n","protected":false},"excerpt":{"rendered":"<p>O prazo para solicitar a isen\u00e7\u00e3o da taxa de inscri\u00e7\u00e3o para o Enem (Exame Nacional do Ensino M\u00e9dio) foi prorrogado. Segundo a decis\u00e3o do Minist\u00e9rio da Educa\u00e7\u00e3o (MEC) e do Instituto Nacional de Estudos e Pesquisas Educacionais An\u00edsio Teixeira (Inep), o pedido pode ser realizado at\u00e9 esta quinta-feira (30). O valor da taxa \u00e9 de [&hellip;]<\/p>\n","protected":false},"author":45,"featured_media":136082,"comment_status":"closed","ping_status":"0","sticky":false,"template":"","format":"standard","meta":{"footnotes":""},"categories":[29,1],"tags":[],"class_list":["post-136081","post","type-post","status-publish","format-standard","has-post-thumbnail","hentry","category-destaque","category-noticias"],"_links":{"self":[{"href":"https:\/\/tvtecjundiai.com.br\/news\/wp-json\/wp\/v2\/posts\/136081","targetHints":{"allow":["GET"]}}],"collection":[{"href":"https:\/\/tvtecjundiai.com.br\/news\/wp-json\/wp\/v2\/posts"}],"about":[{"href":"https:\/\/tvtecjundiai.com.br\/news\/wp-json\/wp\/v2\/types\/post"}],"author":[{"embeddable":true,"href":"https:\/\/tvtecjundiai.com.br\/news\/wp-json\/wp\/v2\/users\/45"}],"replies":[{"embeddable":true,"href":"https:\/\/tvtecjundiai.com.br\/news\/wp-json\/wp\/v2\/comments?post=136081"}],"version-history":[{"count":1,"href":"https:\/\/tvtecjundiai.com.br\/news\/wp-json\/wp\/v2\/posts\/136081\/revisions"}],"predecessor-version":[{"id":136083,"href":"https:\/\/tvtecjundiai.com.br\/news\/wp-json\/wp\/v2\/posts\/136081\/revisions\/136083"}],"wp:featuredmedia":[{"embeddable":true,"href":"https:\/\/tvtecjundiai.com.br\/news\/wp-json\/wp\/v2\/media\/136082"}],"wp:attachment":[{"href":"https:\/\/tvtecjundiai.com.br\/news\/wp-json\/wp\/v2\/media?parent=136081"}],"wp:term":[{"taxonomy":"category","embeddable":true,"href":"https:\/\/tvtecjundiai.com.br\/news\/wp-json\/wp\/v2\/categories?post=136081"},{"taxonomy":"post_tag","embeddable":true,"href":"https:\/\/tvtecjundiai.com.br\/news\/wp-json\/wp\/v2\/tags?post=136081"}],"curies":[{"name":"wp","href":"https:\/\/api.w.org\/{rel}","templated":true}]}}